{"id":147,"date":"2023-09-29T08:46:33","date_gmt":"2023-09-29T11:46:33","guid":{"rendered":"https:\/\/sites.pucpr.br\/genteboa\/?p=147"},"modified":"2025-07-17T17:05:40","modified_gmt":"2025-07-17T20:05:40","slug":"sou-prouni","status":"publish","type":"post","link":"https:\/\/sites.pucpr.br\/genteboa\/sou-prouni\/","title":{"rendered":"Sou Prouni"},"content":{"rendered":"\t\t<div data-elementor-type=\"wp-post\" data-elementor-id=\"147\" class=\"elementor elementor-147\">\n\t\t\t\t\t\t\t\t\t<section class=\"elementor-section elementor-top-section elementor-element elementor-element-f8e04d5 elementor-section-full_width elementor-section-height-default elementor-section-height-default\" data-id=\"f8e04d5\" data-element_type=\"section\" data-settings=\"{&quot;background_background&quot;:&quot;classic&quot;}\">\n\t\t\t\t\t\t<div class=\"elementor-container elementor-column-gap-default\">\n\t\t\t\t\t<div class=\"elementor-column elementor-col-100 elementor-top-column elementor-element elementor-element-786a0ad\" data-id=\"786a0ad\" data-element_type=\"column\">\n\t\t\t<div class=\"elementor-widget-wrap elementor-element-populated\">\n\t\t\t\t\t\t\t\t<div class=\"elementor-element elementor-element-fdeab8f elementor-widget elementor-widget-heading\" data-id=\"fdeab8f\" data-element_type=\"widget\" data-widget_type=\"heading.default\">\n\t\t\t\t<div class=\"elementor-widget-container\">\n\t\t\t<style>\/*! elementor - v3.15.0 - 02-08-2023 *\/\n.elementor-heading-title{padding:0;margin:0;line-height:1}.elementor-widget-heading .elementor-heading-title[class*=elementor-size-]>a{color:inherit;font-size:inherit;line-height:inherit}.elementor-widget-heading .elementor-heading-title.elementor-size-small{font-size:15px}.elementor-widget-heading .elementor-heading-title.elementor-size-medium{font-size:19px}.elementor-widget-heading .elementor-heading-title.elementor-size-large{font-size:29px}.elementor-widget-heading .elementor-heading-title.elementor-size-xl{font-size:39px}.elementor-widget-heading .elementor-heading-title.elementor-size-xxl{font-size:59px}<\/style><h2 class=\"elementor-heading-title elementor-size-default\">Sou estudante Prouni na PUCPR e quero participar do Programa Gente Boa<\/h2>\t\t<\/div>\n\t\t\t\t<\/div>\n\t\t\t\t\t<\/div>\n\t\t<\/div>\n\t\t\t\t\t\t\t<\/div>\n\t\t<\/section>\n\t\t\t\t<section class=\"elementor-section elementor-top-section elementor-element elementor-element-51f49a7 elementor-section-full_width elementor-section-height-default elementor-section-height-default\" data-id=\"51f49a7\" data-element_type=\"section\" data-settings=\"{&quot;background_background&quot;:&quot;classic&quot;}\">\n\t\t\t\t\t\t<div class=\"elementor-container elementor-column-gap-default\">\n\t\t\t\t\t<div class=\"elementor-column elementor-col-100 elementor-top-column elementor-element elementor-element-883b20e\" data-id=\"883b20e\" data-element_type=\"column\">\n\t\t\t<div class=\"elementor-widget-wrap elementor-element-populated\">\n\t\t\t\t\t\t\t\t<div class=\"elementor-element elementor-element-fcb3598 elementor-widget elementor-widget-heading\" data-id=\"fcb3598\" data-element_type=\"widget\" data-widget_type=\"heading.default\">\n\t\t\t\t<div class=\"elementor-widget-container\">\n\t\t\t<p class=\"elementor-heading-title elementor-size-default\">CONHE\u00c7A OS REQUISITOS, CONSULTE O EDITAL E ENTENDA COMO SE TORNAR UM BOLSISTA DO PROGRAMA. <\/p>\t\t<\/div>\n\t\t\t\t<\/div>\n\t\t\t\t\t<\/div>\n\t\t<\/div>\n\t\t\t\t\t\t\t<\/div>\n\t\t<\/section>\n\t\t\t\t<section class=\"elementor-section elementor-top-section elementor-element elementor-element-2c588e7 elementor-section-full_width elementor-section-height-default elementor-section-height-default\" data-id=\"2c588e7\" data-element_type=\"section\">\n\t\t\t\t\t\t<div class=\"elementor-container elementor-column-gap-no\">\n\t\t\t\t\t<div class=\"elementor-column elementor-col-50 elementor-top-column elementor-element elementor-element-d14d442\" data-id=\"d14d442\" data-element_type=\"column\" data-settings=\"{&quot;background_background&quot;:&quot;classic&quot;}\">\n\t\t\t<div class=\"elementor-widget-wrap elementor-element-populated\">\n\t\t\t\t\t\t\t\t<section class=\"elementor-section elementor-inner-section elementor-element elementor-element-2f5d31a elementor-section-boxed elementor-section-height-default elementor-section-height-default\" data-id=\"2f5d31a\" data-element_type=\"section\">\n\t\t\t\t\t\t<div class=\"elementor-container elementor-column-gap-default\">\n\t\t\t\t\t<div class=\"elementor-column elementor-col-100 elementor-inner-column elementor-element elementor-element-fcdb000\" data-id=\"fcdb000\" data-element_type=\"column\">\n\t\t\t<div class=\"elementor-widget-wrap elementor-element-populated\">\n\t\t\t\t\t\t\t\t<div class=\"elementor-element elementor-element-bc9aa0d elementor-widget elementor-widget-image\" data-id=\"bc9aa0d\" data-element_type=\"widget\" data-widget_type=\"image.default\">\n\t\t\t\t<div class=\"elementor-widget-container\">\n\t\t\t<style>\/*! elementor - v3.15.0 - 02-08-2023 *\/\n.elementor-widget-image{text-align:center}.elementor-widget-image a{display:inline-block}.elementor-widget-image a img[src$=\".svg\"]{width:48px}.elementor-widget-image img{vertical-align:middle;display:inline-block}<\/style>\t\t\t\t\t\t\t\t\t\t\t\t<img decoding=\"async\" width=\"170\" height=\"187\" src=\"https:\/\/sites.pucpr.br\/genteboa\/wp-content\/uploads\/sites\/55\/2023\/08\/icone-pessoas.png\" class=\"attachment-large size-large wp-image-78\" alt=\"pessoas\" loading=\"lazy\" \/>\t\t\t\t\t\t\t\t\t\t\t\t\t\t\t<\/div>\n\t\t\t\t<\/div>\n\t\t\t\t<div class=\"elementor-element elementor-element-acee93d elementor-widget elementor-widget-heading\" data-id=\"acee93d\" data-element_type=\"widget\" data-widget_type=\"heading.default\">\n\t\t\t\t<div class=\"elementor-widget-container\">\n\t\t\t<h2 class=\"elementor-heading-title elementor-size-default\">Quem pode participar?<\/h2>\t\t<\/div>\n\t\t\t\t<\/div>\n\t\t\t\t<div class=\"elementor-element elementor-element-a9e7877 elementor-widget elementor-widget-text-editor\" data-id=\"a9e7877\" data-element_type=\"widget\" data-widget_type=\"text-editor.default\">\n\t\t\t\t<div class=\"elementor-widget-container\">\n\t\t\t<style>\/*! elementor - v3.15.0 - 02-08-2023 *\/\n.elementor-widget-text-editor.elementor-drop-cap-view-stacked .elementor-drop-cap{background-color:#69727d;color:#fff}.elementor-widget-text-editor.elementor-drop-cap-view-framed .elementor-drop-cap{color:#69727d;border:3px solid;background-color:transparent}.elementor-widget-text-editor:not(.elementor-drop-cap-view-default) .elementor-drop-cap{margin-top:8px}.elementor-widget-text-editor:not(.elementor-drop-cap-view-default) .elementor-drop-cap-letter{width:1em;height:1em}.elementor-widget-text-editor .elementor-drop-cap{float:left;text-align:center;line-height:1;font-size:50px}.elementor-widget-text-editor .elementor-drop-cap-letter{display:inline-block}<\/style>\t\t\t\t<p>\u00c9 estudante na modalidade presencial da PUCPR com Bolsa Prouni ou Bolsa Social? O Programa Gente Boa \u00e9 para voc\u00ea! Para concorrer ao benef\u00edcio mensal, \u00e9 preciso fazer a sua inscri\u00e7\u00e3o no edital de sele\u00e7\u00e3o do Programa Gente Boa.<\/p>\t\t\t\t\t\t<\/div>\n\t\t\t\t<\/div>\n\t\t\t\t\t<\/div>\n\t\t<\/div>\n\t\t\t\t\t\t\t<\/div>\n\t\t<\/section>\n\t\t\t\t\t<\/div>\n\t\t<\/div>\n\t\t\t\t<div class=\"elementor-column elementor-col-50 elementor-top-column elementor-element elementor-element-5531c8a\" data-id=\"5531c8a\" data-element_type=\"column\" data-settings=\"{&quot;background_background&quot;:&quot;classic&quot;}\">\n\t\t\t<div class=\"elementor-widget-wrap elementor-element-populated\">\n\t\t\t\t\t\t\t\t<section class=\"elementor-section elementor-inner-section elementor-element elementor-element-60d2413 elementor-section-boxed elementor-section-height-default elementor-section-height-default\" data-id=\"60d2413\" data-element_type=\"section\">\n\t\t\t\t\t\t<div class=\"elementor-container elementor-column-gap-default\">\n\t\t\t\t\t<div class=\"elementor-column elementor-col-100 elementor-inner-column elementor-element elementor-element-b6d7e90\" data-id=\"b6d7e90\" data-element_type=\"column\">\n\t\t\t<div class=\"elementor-widget-wrap elementor-element-populated\">\n\t\t\t\t\t\t\t\t<div class=\"elementor-element elementor-element-9906b09 elementor-widget elementor-widget-image\" data-id=\"9906b09\" data-element_type=\"widget\" data-widget_type=\"image.default\">\n\t\t\t\t<div class=\"elementor-widget-container\">\n\t\t\t\t\t\t\t\t\t\t\t\t\t\t\t<img decoding=\"async\" width=\"260\" height=\"260\" src=\"https:\/\/sites.pucpr.br\/genteboa\/wp-content\/uploads\/sites\/55\/2023\/09\/editais.png\" class=\"attachment-large size-large wp-image-317\" alt=\"editais\" loading=\"lazy\" srcset=\"https:\/\/sites.pucpr.br\/genteboa\/wp-content\/uploads\/sites\/55\/2023\/09\/editais.png 260w, https:\/\/sites.pucpr.br\/genteboa\/wp-content\/uploads\/sites\/55\/2023\/09\/editais-150x150.png 150w\" sizes=\"(max-width: 260px) 100vw, 260px\" \/>\t\t\t\t\t\t\t\t\t\t\t\t\t\t\t<\/div>\n\t\t\t\t<\/div>\n\t\t\t\t<div class=\"elementor-element elementor-element-2008c41 elementor-widget elementor-widget-heading\" data-id=\"2008c41\" data-element_type=\"widget\" data-widget_type=\"heading.default\">\n\t\t\t\t<div class=\"elementor-widget-container\">\n\t\t\t<h2 class=\"elementor-heading-title elementor-size-default\">Aguarde os pr\u00f3ximos editais<\/h2>\t\t<\/div>\n\t\t\t\t<\/div>\n\t\t\t\t\t<\/div>\n\t\t<\/div>\n\t\t\t\t\t\t\t<\/div>\n\t\t<\/section>\n\t\t\t\t\t<\/div>\n\t\t<\/div>\n\t\t\t\t\t\t\t<\/div>\n\t\t<\/section>\n\t\t\t\t<section class=\"elementor-section elementor-top-section elementor-element elementor-element-3dc054e elementor-section-full_width elementor-section-height-default elementor-section-height-default\" data-id=\"3dc054e\" data-element_type=\"section\" data-settings=\"{&quot;background_background&quot;:&quot;classic&quot;}\">\n\t\t\t\t\t\t<div class=\"elementor-container elementor-column-gap-default\">\n\t\t\t\t\t<div class=\"elementor-column elementor-col-100 elementor-top-column elementor-element elementor-element-be7b7e0\" data-id=\"be7b7e0\" data-element_type=\"column\">\n\t\t\t<div class=\"elementor-widget-wrap elementor-element-populated\">\n\t\t\t\t\t\t\t\t<div class=\"elementor-element elementor-element-2743cd4 elementor-widget elementor-widget-heading\" data-id=\"2743cd4\" data-element_type=\"widget\" data-widget_type=\"heading.default\">\n\t\t\t\t<div class=\"elementor-widget-container\">\n\t\t\t<h2 class=\"elementor-heading-title elementor-size-default\">SUA JORNADA NO \nPROGRAMA GENTE BOA PUCPR <\/h2>\t\t<\/div>\n\t\t\t\t<\/div>\n\t\t\t\t<div class=\"elementor-element elementor-element-87a3803 elementor-widget elementor-widget-image\" data-id=\"87a3803\" data-element_type=\"widget\" data-widget_type=\"image.default\">\n\t\t\t\t<div class=\"elementor-widget-container\">\n\t\t\t\t\t\t\t\t\t\t\t\t\t\t\t\t<a href=\"http:\/\/sites.pucpr.br\/genteboa\/wp-content\/uploads\/sites\/55\/2023\/09\/jornada-2.png\" data-elementor-open-lightbox=\"yes\" data-e-action-hash=\"#elementor-action%3Aaction%3Dlightbox%26settings%3DeyJpZCI6IjQyNCIsInVybCI6Imh0dHBzOlwvXC9zaXRlcy5wdWNwci5iclwvZ2VudGVib2FcL3dwLWNvbnRlbnRcL3VwbG9hZHNcL3NpdGVzXC81NVwvMjAyM1wvMDlcL2pvcm5hZGEtMi5wbmcifQ%3D%3D\">\n\t\t\t\t\t\t\t<img decoding=\"async\" width=\"1653\" height=\"1089\" src=\"https:\/\/sites.pucpr.br\/genteboa\/wp-content\/uploads\/sites\/55\/2023\/09\/jornada-2.png\" class=\"attachment-full size-full wp-image-424\" alt=\"\" loading=\"lazy\" srcset=\"https:\/\/sites.pucpr.br\/genteboa\/wp-content\/uploads\/sites\/55\/2023\/09\/jornada-2.png 1653w, https:\/\/sites.pucpr.br\/genteboa\/wp-content\/uploads\/sites\/55\/2023\/09\/jornada-2-300x198.png 300w, https:\/\/sites.pucpr.br\/genteboa\/wp-content\/uploads\/sites\/55\/2023\/09\/jornada-2-1024x675.png 1024w, https:\/\/sites.pucpr.br\/genteboa\/wp-content\/uploads\/sites\/55\/2023\/09\/jornada-2-768x506.png 768w, https:\/\/sites.pucpr.br\/genteboa\/wp-content\/uploads\/sites\/55\/2023\/09\/jornada-2-1536x1012.png 1536w\" sizes=\"(max-width: 1653px) 100vw, 1653px\" \/>\t\t\t\t\t\t\t\t<\/a>\n\t\t\t\t\t\t\t\t\t\t\t\t\t\t\t<\/div>\n\t\t\t\t<\/div>\n\t\t\t\t\t<\/div>\n\t\t<\/div>\n\t\t\t\t\t\t\t<\/div>\n\t\t<\/section>\n\t\t\t\t<section class=\"elementor-section elementor-top-section elementor-element elementor-element-6508eef elementor-section-full_width elementor-section-height-default elementor-section-height-default\" data-id=\"6508eef\" data-element_type=\"section\">\n\t\t\t\t\t\t<div class=\"elementor-container elementor-column-gap-no\">\n\t\t\t\t\t<div class=\"elementor-column elementor-col-100 elementor-top-column elementor-element elementor-element-ccb5b2c\" data-id=\"ccb5b2c\" data-element_type=\"column\">\n\t\t\t<div class=\"elementor-widget-wrap elementor-element-populated\">\n\t\t\t\t\t\t\t\t<div class=\"elementor-element elementor-element-bf2d582 elementor-widget elementor-widget-image\" data-id=\"bf2d582\" data-element_type=\"widget\" data-widget_type=\"image.default\">\n\t\t\t\t<div class=\"elementor-widget-container\">\n\t\t\t\t\t\t\t\t\t\t\t\t\t\t\t<img decoding=\"async\" width=\"1921\" height=\"94\" src=\"https:\/\/sites.pucpr.br\/genteboa\/wp-content\/uploads\/sites\/55\/2023\/08\/rodape-genteboa.png\" class=\"attachment-full size-full wp-image-149\" alt=\"Rodap\u00e9\" loading=\"lazy\" srcset=\"https:\/\/sites.pucpr.br\/genteboa\/wp-content\/uploads\/sites\/55\/2023\/08\/rodape-genteboa.png 1921w, https:\/\/sites.pucpr.br\/genteboa\/wp-content\/uploads\/sites\/55\/2023\/08\/rodape-genteboa-300x15.png 300w, https:\/\/sites.pucpr.br\/genteboa\/wp-content\/uploads\/sites\/55\/2023\/08\/rodape-genteboa-1024x50.png 1024w, https:\/\/sites.pucpr.br\/genteboa\/wp-content\/uploads\/sites\/55\/2023\/08\/rodape-genteboa-768x38.png 768w, https:\/\/sites.pucpr.br\/genteboa\/wp-content\/uploads\/sites\/55\/2023\/08\/rodape-genteboa-1536x75.png 1536w\" sizes=\"(max-width: 1921px) 100vw, 1921px\" \/>\t\t\t\t\t\t\t\t\t\t\t\t\t\t\t<\/div>\n\t\t\t\t<\/div>\n\t\t\t\t\t<\/div>\n\t\t<\/div>\n\t\t\t\t\t\t\t<\/div>\n\t\t<\/section>\n\t\t\t\t<section class=\"elementor-section elementor-top-section elementor-element elementor-element-0af50ed elementor-section-full_width elementor-section-height-default elementor-section-height-default\" data-id=\"0af50ed\" data-element_type=\"section\" data-settings=\"{&quot;background_background&quot;:&quot;classic&quot;}\">\n\t\t\t\t\t\t<div class=\"elementor-container elementor-column-gap-default\">\n\t\t\t\t\t<div class=\"elementor-column elementor-col-100 elementor-top-column elementor-element elementor-element-b79380d\" data-id=\"b79380d\" data-element_type=\"column\">\n\t\t\t<div class=\"elementor-widget-wrap elementor-element-populated\">\n\t\t\t\t\t\t\t\t<div class=\"elementor-element elementor-element-787f718 elementor-widget elementor-widget-heading\" data-id=\"787f718\" data-element_type=\"widget\" data-widget_type=\"heading.default\">\n\t\t\t\t<div class=\"elementor-widget-container\">\n\t\t\t<h1 class=\"elementor-heading-title elementor-size-default\">EDITAIS ABERTOS <\/h1>\t\t<\/div>\n\t\t\t\t<\/div>\n\t\t\t\t<div class=\"elementor-element elementor-element-f469206 elementor-align-left elementor-icon-list--layout-traditional elementor-list-item-link-full_width elementor-widget elementor-widget-icon-list\" data-id=\"f469206\" data-element_type=\"widget\" data-widget_type=\"icon-list.default\">\n\t\t\t\t<div class=\"elementor-widget-container\">\n\t\t\t<link rel=\"stylesheet\" href=\"https:\/\/sites.pucpr.br\/genteboa\/wp-content\/plugins\/elementor\/assets\/css\/widget-icon-list.min.css\">\t\t<ul class=\"elementor-icon-list-items\">\n\t\t\t\t\t\t\t<li class=\"elementor-icon-list-item\">\n\t\t\t\t\t\t\t\t\t\t\t<a href=\"#\" target=\"_blank\">\n\n\t\t\t\t\t\t\t\t\t\t\t\t<span class=\"elementor-icon-list-icon\">\n\t\t\t\t\t\t\t<i aria-hidden=\"true\" class=\"far fa-arrow-alt-circle-down\"><\/i>\t\t\t\t\t\t<\/span>\n\t\t\t\t\t\t\t\t\t\t<span class=\"elementor-icon-list-text\">Aguarde o pr\u00f3ximo edital<\/span>\n\t\t\t\t\t\t\t\t\t\t\t<\/a>\n\t\t\t\t\t\t\t\t\t<\/li>\n\t\t\t\t\t\t<\/ul>\n\t\t\t\t<\/div>\n\t\t\t\t<\/div>\n\t\t\t\t<div class=\"elementor-element elementor-element-2c4d633 elementor-widget elementor-widget-heading\" data-id=\"2c4d633\" data-element_type=\"widget\" data-widget_type=\"heading.default\">\n\t\t\t\t<div class=\"elementor-widget-container\">\n\t\t\t<h1 class=\"elementor-heading-title elementor-size-default\">EDITAIS encerrados <\/h1>\t\t<\/div>\n\t\t\t\t<\/div>\n\t\t\t\t<div class=\"elementor-element elementor-element-8adb465 elementor-align-left elementor-icon-list--layout-traditional elementor-list-item-link-full_width elementor-widget elementor-widget-icon-list\" data-id=\"8adb465\" data-element_type=\"widget\" data-widget_type=\"icon-list.default\">\n\t\t\t\t<div class=\"elementor-widget-container\">\n\t\t\t\t\t<ul class=\"elementor-icon-list-items\">\n\t\t\t\t\t\t\t<li class=\"elementor-icon-list-item\">\n\t\t\t\t\t\t\t\t\t\t\t<a href=\"http:\/\/sites.pucpr.br\/genteboa\/wp-content\/uploads\/sites\/55\/2025\/06\/Edital_Selecao_Gente-Boa_02.2025_publicacao.pdf\" target=\"_blank\">\n\n\t\t\t\t\t\t\t\t\t\t\t\t<span class=\"elementor-icon-list-icon\">\n\t\t\t\t\t\t\t<i aria-hidden=\"true\" class=\"far fa-arrow-alt-circle-down\"><\/i>\t\t\t\t\t\t<\/span>\n\t\t\t\t\t\t\t\t\t\t<span class=\"elementor-icon-list-text\">Edital 02\/2025 \u2013 Gente Boa \u2013 Bolsa Perman\u00eancia<\/span>\n\t\t\t\t\t\t\t\t\t\t\t<\/a>\n\t\t\t\t\t\t\t\t\t<\/li>\n\t\t\t\t\t\t\t\t<li class=\"elementor-icon-list-item\">\n\t\t\t\t\t\t\t\t\t\t\t<a href=\"http:\/\/sites.pucpr.br\/genteboa\/wp-content\/uploads\/sites\/55\/2025\/07\/Resultado-Edital-02-2025-Gente-Boa_bolsa_permanencia_publicacao.pdf\" target=\"_blank\">\n\n\t\t\t\t\t\t\t\t\t\t\t\t<span class=\"elementor-icon-list-icon\">\n\t\t\t\t\t\t\t<i aria-hidden=\"true\" class=\"far fa-arrow-alt-circle-down\"><\/i>\t\t\t\t\t\t<\/span>\n\t\t\t\t\t\t\t\t\t\t<span class=\"elementor-icon-list-text\">Resultado Edital 02\/2025- Gente Boa - Bolsa Perman\u00eancia<\/span>\n\t\t\t\t\t\t\t\t\t\t\t<\/a>\n\t\t\t\t\t\t\t\t\t<\/li>\n\t\t\t\t\t\t\t\t<li class=\"elementor-icon-list-item\">\n\t\t\t\t\t\t\t\t\t\t\t<a href=\"http:\/\/sites.pucpr.br\/genteboa\/wp-content\/uploads\/sites\/55\/2024\/06\/Rerratificacao-Edital-06-2023-Gente-Boa-Bolsa-Permanencia.pdf\" target=\"_blank\">\n\n\t\t\t\t\t\t\t\t\t\t\t\t<span class=\"elementor-icon-list-icon\">\n\t\t\t\t\t\t\t<i aria-hidden=\"true\" class=\"far fa-arrow-alt-circle-down\"><\/i>\t\t\t\t\t\t<\/span>\n\t\t\t\t\t\t\t\t\t\t<span class=\"elementor-icon-list-text\">Rerratifica\u00e7\u00e3o - Edital 06-2023 - Gente Boa - Bolsa Perman\u00eancia<\/span>\n\t\t\t\t\t\t\t\t\t\t\t<\/a>\n\t\t\t\t\t\t\t\t\t<\/li>\n\t\t\t\t\t\t\t\t<li class=\"elementor-icon-list-item\">\n\t\t\t\t\t\t\t\t\t\t\t<a href=\"http:\/\/sites.pucpr.br\/genteboa\/wp-content\/uploads\/sites\/55\/2024\/06\/comunicado-de-rerratificacao-Edital-06-2023.pdf\" target=\"_blank\">\n\n\t\t\t\t\t\t\t\t\t\t\t\t<span class=\"elementor-icon-list-icon\">\n\t\t\t\t\t\t\t<i aria-hidden=\"true\" class=\"far fa-arrow-alt-circle-down\"><\/i>\t\t\t\t\t\t<\/span>\n\t\t\t\t\t\t\t\t\t\t<span class=\"elementor-icon-list-text\">Comunicado de rerratifica\u00e7\u00e3o - Edital 06-2023<\/span>\n\t\t\t\t\t\t\t\t\t\t\t<\/a>\n\t\t\t\t\t\t\t\t\t<\/li>\n\t\t\t\t\t\t\t\t<li class=\"elementor-icon-list-item\">\n\t\t\t\t\t\t\t\t\t\t\t<a href=\"http:\/\/sites.pucpr.br\/genteboa\/wp-content\/uploads\/sites\/55\/2023\/10\/resultado-edital-06-2023-gente-boa_bolsa_permanecc82ncia-1.pdf\" target=\"_blank\">\n\n\t\t\t\t\t\t\t\t\t\t\t\t<span class=\"elementor-icon-list-icon\">\n\t\t\t\t\t\t\t<i aria-hidden=\"true\" class=\"far fa-arrow-alt-circle-down\"><\/i>\t\t\t\t\t\t<\/span>\n\t\t\t\t\t\t\t\t\t\t<span class=\"elementor-icon-list-text\">Resultado Edital 06-2023 - Gente Boa - Bolsa Perman\u00eancia<\/span>\n\t\t\t\t\t\t\t\t\t\t\t<\/a>\n\t\t\t\t\t\t\t\t\t<\/li>\n\t\t\t\t\t\t\t\t<li class=\"elementor-icon-list-item\">\n\t\t\t\t\t\t\t\t\t\t\t<a href=\"http:\/\/sites.pucpr.br\/genteboa\/wp-content\/uploads\/sites\/55\/2023\/10\/edital-06-2023-gente-_boa_bolsa_permanencia-3.pdf\" target=\"_blank\">\n\n\t\t\t\t\t\t\t\t\t\t\t\t<span class=\"elementor-icon-list-icon\">\n\t\t\t\t\t\t\t<i aria-hidden=\"true\" class=\"far fa-arrow-alt-circle-down\"><\/i>\t\t\t\t\t\t<\/span>\n\t\t\t\t\t\t\t\t\t\t<span class=\"elementor-icon-list-text\">Edital 06-2023 - Gente Boa - Bolsa Perman\u00eancia<\/span>\n\t\t\t\t\t\t\t\t\t\t\t<\/a>\n\t\t\t\t\t\t\t\t\t<\/li>\n\t\t\t\t\t\t<\/ul>\n\t\t\t\t<\/div>\n\t\t\t\t<\/div>\n\t\t\t\t\t<\/div>\n\t\t<\/div>\n\t\t\t\t\t\t\t<\/div>\n\t\t<\/section>\n\t\t\t\t<section class=\"elementor-section elementor-top-section elementor-element elementor-element-1e83f3e elementor-section-full_width elementor-section-height-default elementor-section-height-default\" data-id=\"1e83f3e\" data-element_type=\"section\" data-settings=\"{&quot;background_background&quot;:&quot;classic&quot;}\">\n\t\t\t\t\t\t<div class=\"elementor-container elementor-column-gap-default\">\n\t\t\t\t\t<div class=\"elementor-column elementor-col-100 elementor-top-column elementor-element elementor-element-3522c9f\" data-id=\"3522c9f\" data-element_type=\"column\">\n\t\t\t<div class=\"elementor-widget-wrap elementor-element-populated\">\n\t\t\t\t\t\t\t\t<div class=\"elementor-element elementor-element-943b5d7 elementor-widget elementor-widget-heading\" data-id=\"943b5d7\" data-element_type=\"widget\" data-widget_type=\"heading.default\">\n\t\t\t\t<div class=\"elementor-widget-container\">\n\t\t\t<h1 class=\"elementor-heading-title elementor-size-default\">Empresas que j\u00e1 impulsionam<br> \nsonhos por meio da educa\u00e7\u00e3o<\/h1>\t\t<\/div>\n\t\t\t\t<\/div>\n\t\t\t\t<section class=\"elementor-section elementor-inner-section elementor-element elementor-element-054bb54 elementor-section-full_width elementor-section-height-default elementor-section-height-default\" data-id=\"054bb54\" data-element_type=\"section\">\n\t\t\t\t\t\t<div class=\"elementor-container elementor-column-gap-default\">\n\t\t\t\t\t<div class=\"elementor-column elementor-col-100 elementor-inner-column elementor-element elementor-element-b996b65\" data-id=\"b996b65\" data-element_type=\"column\">\n\t\t\t<div class=\"elementor-widget-wrap elementor-element-populated\">\n\t\t\t\t\t\t\t\t<div class=\"elementor-element elementor-element-9a373a4 elementor-widget__width-auto elementor-widget elementor-widget-image\" data-id=\"9a373a4\" data-element_type=\"widget\" data-widget_type=\"image.default\">\n\t\t\t\t<div class=\"elementor-widget-container\">\n\t\t\t\t\t\t\t\t\t\t\t\t\t\t\t<img decoding=\"async\" width=\"288\" height=\"201\" src=\"https:\/\/sites.pucpr.br\/genteboa\/wp-content\/uploads\/sites\/55\/2023\/09\/logos-chamex.png\" class=\"attachment-full size-full wp-image-431\" alt=\"\" loading=\"lazy\" \/>\t\t\t\t\t\t\t\t\t\t\t\t\t\t\t<\/div>\n\t\t\t\t<\/div>\n\t\t\t\t<div class=\"elementor-element elementor-element-dcbef1f elementor-widget__width-auto elementor-widget elementor-widget-image\" data-id=\"dcbef1f\" data-element_type=\"widget\" data-widget_type=\"image.default\">\n\t\t\t\t<div class=\"elementor-widget-container\">\n\t\t\t\t\t\t\t\t\t\t\t\t\t\t\t<img decoding=\"async\" width=\"500\" height=\"166\" src=\"https:\/\/sites.pucpr.br\/genteboa\/wp-content\/uploads\/sites\/55\/2023\/09\/GRUPO-LAGUNA-LOGO-HORIZONTAL.png\" class=\"attachment-full size-full wp-image-432\" alt=\"\" loading=\"lazy\" srcset=\"https:\/\/sites.pucpr.br\/genteboa\/wp-content\/uploads\/sites\/55\/2023\/09\/GRUPO-LAGUNA-LOGO-HORIZONTAL.png 500w, https:\/\/sites.pucpr.br\/genteboa\/wp-content\/uploads\/sites\/55\/2023\/09\/GRUPO-LAGUNA-LOGO-HORIZONTAL-300x100.png 300w\" sizes=\"(max-width: 500px) 100vw, 500px\" \/>\t\t\t\t\t\t\t\t\t\t\t\t\t\t\t<\/div>\n\t\t\t\t<\/div>\n\t\t\t\t\t<\/div>\n\t\t<\/div>\n\t\t\t\t\t\t\t<\/div>\n\t\t<\/section>\n\t\t\t\t\t<\/div>\n\t\t<\/div>\n\t\t\t\t\t\t\t<\/div>\n\t\t<\/section>\n\t\t\t\t<section class=\"elementor-section elementor-top-section elementor-element elementor-element-4ac0e25 elementor-section-full_width elementor-section-height-default elementor-section-height-default\" data-id=\"4ac0e25\" data-element_type=\"section\">\n\t\t\t\t\t\t<div class=\"elementor-container elementor-column-gap-no\">\n\t\t\t\t\t<div class=\"elementor-column elementor-col-100 elementor-top-column elementor-element elementor-element-7ded9f1\" data-id=\"7ded9f1\" data-element_type=\"column\">\n\t\t\t<div class=\"elementor-widget-wrap elementor-element-populated\">\n\t\t\t\t\t\t\t\t<div class=\"elementor-element elementor-element-3808021 elementor-widget elementor-widget-image\" data-id=\"3808021\" data-element_type=\"widget\" data-widget_type=\"image.default\">\n\t\t\t\t<div class=\"elementor-widget-container\">\n\t\t\t\t\t\t\t\t\t\t\t\t\t\t\t<img decoding=\"async\" width=\"1921\" height=\"94\" src=\"https:\/\/sites.pucpr.br\/genteboa\/wp-content\/uploads\/sites\/55\/2023\/08\/rodape-genteboa.png\" class=\"attachment-full size-full wp-image-149\" alt=\"Rodap\u00e9\" loading=\"lazy\" srcset=\"https:\/\/sites.pucpr.br\/genteboa\/wp-content\/uploads\/sites\/55\/2023\/08\/rodape-genteboa.png 1921w, https:\/\/sites.pucpr.br\/genteboa\/wp-content\/uploads\/sites\/55\/2023\/08\/rodape-genteboa-300x15.png 300w, https:\/\/sites.pucpr.br\/genteboa\/wp-content\/uploads\/sites\/55\/2023\/08\/rodape-genteboa-1024x50.png 1024w, https:\/\/sites.pucpr.br\/genteboa\/wp-content\/uploads\/sites\/55\/2023\/08\/rodape-genteboa-768x38.png 768w, https:\/\/sites.pucpr.br\/genteboa\/wp-content\/uploads\/sites\/55\/2023\/08\/rodape-genteboa-1536x75.png 1536w\" sizes=\"(max-width: 1921px) 100vw, 1921px\" \/>\t\t\t\t\t\t\t\t\t\t\t\t\t\t\t<\/div>\n\t\t\t\t<\/div>\n\t\t\t\t\t<\/div>\n\t\t<\/div>\n\t\t\t\t\t\t\t<\/div>\n\t\t<\/section>\n\t\t\t\t<section class=\"elementor-section elementor-top-section elementor-element elementor-element-c097480 elementor-section-height-min-height elementor-section-full_width elementor-section-items-top elementor-section-height-default\" data-id=\"c097480\" data-element_type=\"section\" data-settings=\"{&quot;background_background&quot;:&quot;classic&quot;}\">\n\t\t\t\t\t\t\t<div class=\"elementor-background-overlay\"><\/div>\n\t\t\t\t\t\t\t<div class=\"elementor-container elementor-column-gap-default\">\n\t\t\t\t\t<div class=\"elementor-column elementor-col-100 elementor-top-column elementor-element elementor-element-5e64306\" data-id=\"5e64306\" data-element_type=\"column\">\n\t\t\t<div class=\"elementor-widget-wrap elementor-element-populated\">\n\t\t\t\t\t\t\t\t<div class=\"elementor-element elementor-element-dff0568 elementor-widget elementor-widget-menu-anchor\" data-id=\"dff0568\" data-element_type=\"widget\" data-widget_type=\"menu-anchor.default\">\n\t\t\t\t<div class=\"elementor-widget-container\">\n\t\t\t<style>\/*! elementor - v3.15.0 - 02-08-2023 *\/\nbody.elementor-page .elementor-widget-menu-anchor{margin-bottom:0}<\/style>\t\t<div id=\"faq\" class=\"elementor-menu-anchor\"><\/div>\n\t\t\t\t<\/div>\n\t\t\t\t<\/div>\n\t\t\t\t<div class=\"elementor-element elementor-element-74fae3e elementor-widget elementor-widget-heading\" data-id=\"74fae3e\" data-element_type=\"widget\" data-widget_type=\"heading.default\">\n\t\t\t\t<div class=\"elementor-widget-container\">\n\t\t\t<h2 class=\"elementor-heading-title elementor-size-default\">Perguntas frequentes<\/h2>\t\t<\/div>\n\t\t\t\t<\/div>\n\t\t\t\t<div class=\"elementor-element elementor-element-c56864d elementor-widget elementor-widget-heading\" data-id=\"c56864d\" data-element_type=\"widget\" data-widget_type=\"heading.default\">\n\t\t\t\t<div class=\"elementor-widget-container\">\n\t\t\t<h2 class=\"elementor-heading-title elementor-size-default\">Programa Institucional Gente Boa PUCPR<\/h2>\t\t<\/div>\n\t\t\t\t<\/div>\n\t\t\t\t<div class=\"elementor-element elementor-element-33cfa10 elementor-widget elementor-widget-toggle\" data-id=\"33cfa10\" data-element_type=\"widget\" data-widget_type=\"toggle.default\">\n\t\t\t\t<div class=\"elementor-widget-container\">\n\t\t\t<style>\/*! elementor - v3.15.0 - 02-08-2023 *\/\n.elementor-toggle{text-align:left}.elementor-toggle .elementor-tab-title{font-weight:700;line-height:1;margin:0;padding:15px;border-bottom:1px solid #d5d8dc;cursor:pointer;outline:none}.elementor-toggle .elementor-tab-title .elementor-toggle-icon{display:inline-block;width:1em}.elementor-toggle .elementor-tab-title .elementor-toggle-icon svg{-webkit-margin-start:-5px;margin-inline-start:-5px;width:1em;height:1em}.elementor-toggle .elementor-tab-title .elementor-toggle-icon.elementor-toggle-icon-right{float:right;text-align:right}.elementor-toggle .elementor-tab-title .elementor-toggle-icon.elementor-toggle-icon-left{float:left;text-align:left}.elementor-toggle .elementor-tab-title .elementor-toggle-icon .elementor-toggle-icon-closed{display:block}.elementor-toggle .elementor-tab-title .elementor-toggle-icon .elementor-toggle-icon-opened{display:none}.elementor-toggle .elementor-tab-title.elementor-active{border-bottom:none}.elementor-toggle .elementor-tab-title.elementor-active .elementor-toggle-icon-closed{display:none}.elementor-toggle .elementor-tab-title.elementor-active .elementor-toggle-icon-opened{display:block}.elementor-toggle .elementor-tab-content{padding:15px;border-bottom:1px solid #d5d8dc;display:none}@media (max-width:767px){.elementor-toggle .elementor-tab-title{padding:12px}.elementor-toggle .elementor-tab-content{padding:12px 10px}}.e-con-inner>.elementor-widget-toggle,.e-con>.elementor-widget-toggle{width:var(--container-widget-width);--flex-grow:var(--container-widget-flex-grow)}<\/style>\t\t<div class=\"elementor-toggle\">\n\t\t\t\t\t\t\t<div class=\"elementor-toggle-item\">\n\t\t\t\t\t<div id=\"elementor-tab-title-5431\" class=\"elementor-tab-title\" data-tab=\"1\" role=\"button\" aria-controls=\"elementor-tab-content-5431\" aria-expanded=\"false\">\n\t\t\t\t\t\t\t\t\t\t\t\t<span class=\"elementor-toggle-icon elementor-toggle-icon-right\" aria-hidden=\"true\">\n\t\t\t\t\t\t\t\t\t\t\t\t\t\t\t<span class=\"elementor-toggle-icon-closed\"><i class=\"fas fa-caret-right\"><\/i><\/span>\n\t\t\t\t\t\t\t\t<span class=\"elementor-toggle-icon-opened\"><i class=\"elementor-toggle-icon-opened fas fa-caret-up\"><\/i><\/span>\n\t\t\t\t\t\t\t\t\t\t\t\t\t<\/span>\n\t\t\t\t\t\t\t\t\t\t\t\t<a class=\"elementor-toggle-title\" tabindex=\"0\">1. Qual \u00e9 o objetivo deste Edital do Programa Institucional Gente Boa? <\/a>\n\t\t\t\t\t<\/div>\n\n\t\t\t\t\t<div id=\"elementor-tab-content-5431\" class=\"elementor-tab-content elementor-clearfix\" data-tab=\"1\" role=\"region\" aria-labelledby=\"elementor-tab-title-5431\">Este edital do programa tem o prop\u00f3sito de oferecer aux\u00edlio financeiro a estudantes bolsistas PROUNI 100% em cursos presenciais de gradua\u00e7\u00e3o no C\u00e2mpus Curitiba da PUCPR, visando apoiar sua perman\u00eancia nos cursos. <\/div>\n\t\t\t\t<\/div>\n\t\t\t\t\t\t\t<div class=\"elementor-toggle-item\">\n\t\t\t\t\t<div id=\"elementor-tab-title-5432\" class=\"elementor-tab-title\" data-tab=\"2\" role=\"button\" aria-controls=\"elementor-tab-content-5432\" aria-expanded=\"false\">\n\t\t\t\t\t\t\t\t\t\t\t\t<span class=\"elementor-toggle-icon elementor-toggle-icon-right\" aria-hidden=\"true\">\n\t\t\t\t\t\t\t\t\t\t\t\t\t\t\t<span class=\"elementor-toggle-icon-closed\"><i class=\"fas fa-caret-right\"><\/i><\/span>\n\t\t\t\t\t\t\t\t<span class=\"elementor-toggle-icon-opened\"><i class=\"elementor-toggle-icon-opened fas fa-caret-up\"><\/i><\/span>\n\t\t\t\t\t\t\t\t\t\t\t\t\t<\/span>\n\t\t\t\t\t\t\t\t\t\t\t\t<a class=\"elementor-toggle-title\" tabindex=\"0\">2. Quem pode participar deste segundo processo seletivo? <\/a>\n\t\t\t\t\t<\/div>\n\n\t\t\t\t\t<div id=\"elementor-tab-content-5432\" class=\"elementor-tab-content elementor-clearfix\" data-tab=\"2\" role=\"region\" aria-labelledby=\"elementor-tab-title-5432\"><p>Estudantes ingressantes no primeiro semestre 2025 (calouros), beneficiados com bolsas PROUNI 100% em cursos de gradua\u00e7\u00e3o presencial no C\u00e2mpus Curitiba da PUCPR.<\/p><\/div>\n\t\t\t\t<\/div>\n\t\t\t\t\t\t\t<div class=\"elementor-toggle-item\">\n\t\t\t\t\t<div id=\"elementor-tab-title-5433\" class=\"elementor-tab-title\" data-tab=\"3\" role=\"button\" aria-controls=\"elementor-tab-content-5433\" aria-expanded=\"false\">\n\t\t\t\t\t\t\t\t\t\t\t\t<span class=\"elementor-toggle-icon elementor-toggle-icon-right\" aria-hidden=\"true\">\n\t\t\t\t\t\t\t\t\t\t\t\t\t\t\t<span class=\"elementor-toggle-icon-closed\"><i class=\"fas fa-caret-right\"><\/i><\/span>\n\t\t\t\t\t\t\t\t<span class=\"elementor-toggle-icon-opened\"><i class=\"elementor-toggle-icon-opened fas fa-caret-up\"><\/i><\/span>\n\t\t\t\t\t\t\t\t\t\t\t\t\t<\/span>\n\t\t\t\t\t\t\t\t\t\t\t\t<a class=\"elementor-toggle-title\" tabindex=\"0\">3. Sou estudante bolsista PROUNI de outro C\u00e2mpus da PUCPR, posso me inscrever? <\/a>\n\t\t\t\t\t<\/div>\n\n\t\t\t\t\t<div id=\"elementor-tab-content-5433\" class=\"elementor-tab-content elementor-clearfix\" data-tab=\"3\" role=\"region\" aria-labelledby=\"elementor-tab-title-5433\"><p>N\u00e3o, este edital est\u00e1 restrito aos ingressantes no primeiro semestre 2025 em cursos de gradua\u00e7\u00e3o presencial no C\u00e2mpus Curitiba da PUCPR.<\/p><\/div>\n\t\t\t\t<\/div>\n\t\t\t\t\t\t\t<div class=\"elementor-toggle-item\">\n\t\t\t\t\t<div id=\"elementor-tab-title-5434\" class=\"elementor-tab-title\" data-tab=\"4\" role=\"button\" aria-controls=\"elementor-tab-content-5434\" aria-expanded=\"false\">\n\t\t\t\t\t\t\t\t\t\t\t\t<span class=\"elementor-toggle-icon elementor-toggle-icon-right\" aria-hidden=\"true\">\n\t\t\t\t\t\t\t\t\t\t\t\t\t\t\t<span class=\"elementor-toggle-icon-closed\"><i class=\"fas fa-caret-right\"><\/i><\/span>\n\t\t\t\t\t\t\t\t<span class=\"elementor-toggle-icon-opened\"><i class=\"elementor-toggle-icon-opened fas fa-caret-up\"><\/i><\/span>\n\t\t\t\t\t\t\t\t\t\t\t\t\t<\/span>\n\t\t\t\t\t\t\t\t\t\t\t\t<a class=\"elementor-toggle-title\" tabindex=\"0\">4. Sou estudante bolsista PROUNI 50%, posso me inscrever? <\/a>\n\t\t\t\t\t<\/div>\n\n\t\t\t\t\t<div id=\"elementor-tab-content-5434\" class=\"elementor-tab-content elementor-clearfix\" data-tab=\"4\" role=\"region\" aria-labelledby=\"elementor-tab-title-5434\"><p>N\u00e3o, este edital est\u00e1 restrito aos bolsistas PROUNI 100% ingressantes no primeiro semestre 2025 em cursos de gradua\u00e7\u00e3o presencial no C\u00e2mpus Curitiba da PUCPR.<\/p><\/div>\n\t\t\t\t<\/div>\n\t\t\t\t\t\t\t<div class=\"elementor-toggle-item\">\n\t\t\t\t\t<div id=\"elementor-tab-title-5435\" class=\"elementor-tab-title\" data-tab=\"5\" role=\"button\" aria-controls=\"elementor-tab-content-5435\" aria-expanded=\"false\">\n\t\t\t\t\t\t\t\t\t\t\t\t<span class=\"elementor-toggle-icon elementor-toggle-icon-right\" aria-hidden=\"true\">\n\t\t\t\t\t\t\t\t\t\t\t\t\t\t\t<span class=\"elementor-toggle-icon-closed\"><i class=\"fas fa-caret-right\"><\/i><\/span>\n\t\t\t\t\t\t\t\t<span class=\"elementor-toggle-icon-opened\"><i class=\"elementor-toggle-icon-opened fas fa-caret-up\"><\/i><\/span>\n\t\t\t\t\t\t\t\t\t\t\t\t\t<\/span>\n\t\t\t\t\t\t\t\t\t\t\t\t<a class=\"elementor-toggle-title\" tabindex=\"0\">5. Posso solicitar uma bolsa do programa Gente Boa a qualquer momento? <\/a>\n\t\t\t\t\t<\/div>\n\n\t\t\t\t\t<div id=\"elementor-tab-content-5435\" class=\"elementor-tab-content elementor-clearfix\" data-tab=\"5\" role=\"region\" aria-labelledby=\"elementor-tab-title-5435\"><p>N\u00e3o, as inscri\u00e7\u00f5es para o Programa Gente Boa t\u00eam per\u00edodos espec\u00edficos. Para o edital vigente, as inscri\u00e7\u00f5es ocorrer\u00e3o no per\u00edodo de 23 de junho a 03 de julho de 2025.<\/p><\/div>\n\t\t\t\t<\/div>\n\t\t\t\t\t\t\t<div class=\"elementor-toggle-item\">\n\t\t\t\t\t<div id=\"elementor-tab-title-5436\" class=\"elementor-tab-title\" data-tab=\"6\" role=\"button\" aria-controls=\"elementor-tab-content-5436\" aria-expanded=\"false\">\n\t\t\t\t\t\t\t\t\t\t\t\t<span class=\"elementor-toggle-icon elementor-toggle-icon-right\" aria-hidden=\"true\">\n\t\t\t\t\t\t\t\t\t\t\t\t\t\t\t<span class=\"elementor-toggle-icon-closed\"><i class=\"fas fa-caret-right\"><\/i><\/span>\n\t\t\t\t\t\t\t\t<span class=\"elementor-toggle-icon-opened\"><i class=\"elementor-toggle-icon-opened fas fa-caret-up\"><\/i><\/span>\n\t\t\t\t\t\t\t\t\t\t\t\t\t<\/span>\n\t\t\t\t\t\t\t\t\t\t\t\t<a class=\"elementor-toggle-title\" tabindex=\"0\">6. Qual \u00e9 o valor da bolsa perman\u00eancia? <\/a>\n\t\t\t\t\t<\/div>\n\n\t\t\t\t\t<div id=\"elementor-tab-content-5436\" class=\"elementor-tab-content elementor-clearfix\" data-tab=\"6\" role=\"region\" aria-labelledby=\"elementor-tab-title-5436\">A bolsa perman\u00eancia \u00e9 de R$ 500,00 mensais. <\/div>\n\t\t\t\t<\/div>\n\t\t\t\t\t\t\t<div class=\"elementor-toggle-item\">\n\t\t\t\t\t<div id=\"elementor-tab-title-5437\" class=\"elementor-tab-title\" data-tab=\"7\" role=\"button\" aria-controls=\"elementor-tab-content-5437\" aria-expanded=\"false\">\n\t\t\t\t\t\t\t\t\t\t\t\t<span class=\"elementor-toggle-icon elementor-toggle-icon-right\" aria-hidden=\"true\">\n\t\t\t\t\t\t\t\t\t\t\t\t\t\t\t<span class=\"elementor-toggle-icon-closed\"><i class=\"fas fa-caret-right\"><\/i><\/span>\n\t\t\t\t\t\t\t\t<span class=\"elementor-toggle-icon-opened\"><i class=\"elementor-toggle-icon-opened fas fa-caret-up\"><\/i><\/span>\n\t\t\t\t\t\t\t\t\t\t\t\t\t<\/span>\n\t\t\t\t\t\t\t\t\t\t\t\t<a class=\"elementor-toggle-title\" tabindex=\"0\">7. Quantos estudantes ser\u00e3o selecionados neste edital? <\/a>\n\t\t\t\t\t<\/div>\n\n\t\t\t\t\t<div id=\"elementor-tab-content-5437\" class=\"elementor-tab-content elementor-clearfix\" data-tab=\"7\" role=\"region\" aria-labelledby=\"elementor-tab-title-5437\">Ser\u00e3o selecionados at\u00e9 5 estudantes, representando \u00e1reas espec\u00edficas de conhecimento: exatas e engenharias, agr\u00e1rias, sa\u00fade, ci\u00eancias sociais aplicadas e humanas. <\/div>\n\t\t\t\t<\/div>\n\t\t\t\t\t\t\t<div class=\"elementor-toggle-item\">\n\t\t\t\t\t<div id=\"elementor-tab-title-5438\" class=\"elementor-tab-title\" data-tab=\"8\" role=\"button\" aria-controls=\"elementor-tab-content-5438\" aria-expanded=\"false\">\n\t\t\t\t\t\t\t\t\t\t\t\t<span class=\"elementor-toggle-icon elementor-toggle-icon-right\" aria-hidden=\"true\">\n\t\t\t\t\t\t\t\t\t\t\t\t\t\t\t<span class=\"elementor-toggle-icon-closed\"><i class=\"fas fa-caret-right\"><\/i><\/span>\n\t\t\t\t\t\t\t\t<span class=\"elementor-toggle-icon-opened\"><i class=\"elementor-toggle-icon-opened fas fa-caret-up\"><\/i><\/span>\n\t\t\t\t\t\t\t\t\t\t\t\t\t<\/span>\n\t\t\t\t\t\t\t\t\t\t\t\t<a class=\"elementor-toggle-title\" tabindex=\"0\">8. Por quanto tempo os benefici\u00e1rios receber\u00e3o a bolsa perman\u00eancia? <\/a>\n\t\t\t\t\t<\/div>\n\n\t\t\t\t\t<div id=\"elementor-tab-content-5438\" class=\"elementor-tab-content elementor-clearfix\" data-tab=\"8\" role=\"region\" aria-labelledby=\"elementor-tab-title-5438\"><p>O aux\u00edlio financeiro ser\u00e1 concedido pelo per\u00edodo de um semestre, renov\u00e1vel a cada semestre, at\u00e9 a conclus\u00e3o do curso, desde que atendam aos crit\u00e9rios do edital.<\/p><\/div>\n\t\t\t\t<\/div>\n\t\t\t\t\t\t\t<div class=\"elementor-toggle-item\">\n\t\t\t\t\t<div id=\"elementor-tab-title-5439\" class=\"elementor-tab-title\" data-tab=\"9\" role=\"button\" aria-controls=\"elementor-tab-content-5439\" aria-expanded=\"false\">\n\t\t\t\t\t\t\t\t\t\t\t\t<span class=\"elementor-toggle-icon elementor-toggle-icon-right\" aria-hidden=\"true\">\n\t\t\t\t\t\t\t\t\t\t\t\t\t\t\t<span class=\"elementor-toggle-icon-closed\"><i class=\"fas fa-caret-right\"><\/i><\/span>\n\t\t\t\t\t\t\t\t<span class=\"elementor-toggle-icon-opened\"><i class=\"elementor-toggle-icon-opened fas fa-caret-up\"><\/i><\/span>\n\t\t\t\t\t\t\t\t\t\t\t\t\t<\/span>\n\t\t\t\t\t\t\t\t\t\t\t\t<a class=\"elementor-toggle-title\" tabindex=\"0\">9. Quais s\u00e3o os crit\u00e9rios de sele\u00e7\u00e3o e admiss\u00e3o? <\/a>\n\t\t\t\t\t<\/div>\n\n\t\t\t\t\t<div id=\"elementor-tab-content-5439\" class=\"elementor-tab-content elementor-clearfix\" data-tab=\"9\" role=\"region\" aria-labelledby=\"elementor-tab-title-5439\"><p>A sele\u00e7\u00e3o \u00e9 documental e considera a concess\u00e3o da bolsa PROUNI 100% e matr\u00edcula regular em curso de gradua\u00e7\u00e3o presencial no C\u00e2mpus Curitiba da PUCPR. A classifica\u00e7\u00e3o \u00e9 feita com base na nota do ENEM. Em caso de empate, ser\u00e1 privilegiado, nesta ordem: a) primeiro da fam\u00edlia a cursar o ensino superior b) o candidato autodeclarado preto ou \u00edndio; c) a candidata do sexo feminino e d) o candidato mais jovem.<\/p><\/div>\n\t\t\t\t<\/div>\n\t\t\t\t\t\t\t<div class=\"elementor-toggle-item\">\n\t\t\t\t\t<div id=\"elementor-tab-title-54310\" class=\"elementor-tab-title\" data-tab=\"10\" role=\"button\" aria-controls=\"elementor-tab-content-54310\" aria-expanded=\"false\">\n\t\t\t\t\t\t\t\t\t\t\t\t<span class=\"elementor-toggle-icon elementor-toggle-icon-right\" aria-hidden=\"true\">\n\t\t\t\t\t\t\t\t\t\t\t\t\t\t\t<span class=\"elementor-toggle-icon-closed\"><i class=\"fas fa-caret-right\"><\/i><\/span>\n\t\t\t\t\t\t\t\t<span class=\"elementor-toggle-icon-opened\"><i class=\"elementor-toggle-icon-opened fas fa-caret-up\"><\/i><\/span>\n\t\t\t\t\t\t\t\t\t\t\t\t\t<\/span>\n\t\t\t\t\t\t\t\t\t\t\t\t<a class=\"elementor-toggle-title\" tabindex=\"0\">10. Como ser\u00e1 feita a implementa\u00e7\u00e3o das bolsas? <\/a>\n\t\t\t\t\t<\/div>\n\n\t\t\t\t\t<div id=\"elementor-tab-content-54310\" class=\"elementor-tab-content elementor-clearfix\" data-tab=\"10\" role=\"region\" aria-labelledby=\"elementor-tab-title-54310\">A implementa\u00e7\u00e3o da bolsa ser\u00e1 mediante a assinatura do Termo de Concess\u00e3o de Bolsa. <\/div>\n\t\t\t\t<\/div>\n\t\t\t\t\t\t\t<div class=\"elementor-toggle-item\">\n\t\t\t\t\t<div id=\"elementor-tab-title-54311\" class=\"elementor-tab-title\" data-tab=\"11\" role=\"button\" aria-controls=\"elementor-tab-content-54311\" aria-expanded=\"false\">\n\t\t\t\t\t\t\t\t\t\t\t\t<span class=\"elementor-toggle-icon elementor-toggle-icon-right\" aria-hidden=\"true\">\n\t\t\t\t\t\t\t\t\t\t\t\t\t\t\t<span class=\"elementor-toggle-icon-closed\"><i class=\"fas fa-caret-right\"><\/i><\/span>\n\t\t\t\t\t\t\t\t<span class=\"elementor-toggle-icon-opened\"><i class=\"elementor-toggle-icon-opened fas fa-caret-up\"><\/i><\/span>\n\t\t\t\t\t\t\t\t\t\t\t\t\t<\/span>\n\t\t\t\t\t\t\t\t\t\t\t\t<a class=\"elementor-toggle-title\" tabindex=\"0\">11. Como o pagamento ser\u00e1 efetuado? <\/a>\n\t\t\t\t\t<\/div>\n\n\t\t\t\t\t<div id=\"elementor-tab-content-54311\" class=\"elementor-tab-content elementor-clearfix\" data-tab=\"11\" role=\"region\" aria-labelledby=\"elementor-tab-title-54311\">O valor da bolsa ser\u00e1 pago diretamente na conta corrente de titularidade banc\u00e1ria do estudante beneficiado, em parcelas mensais consecutivas de R$ 500,00, depositadas at\u00e9 o 5\u00ba (quinto) dia \u00fatil do m\u00eas. <\/div>\n\t\t\t\t<\/div>\n\t\t\t\t\t\t\t<div class=\"elementor-toggle-item\">\n\t\t\t\t\t<div id=\"elementor-tab-title-54312\" class=\"elementor-tab-title\" data-tab=\"12\" role=\"button\" aria-controls=\"elementor-tab-content-54312\" aria-expanded=\"false\">\n\t\t\t\t\t\t\t\t\t\t\t\t<span class=\"elementor-toggle-icon elementor-toggle-icon-right\" aria-hidden=\"true\">\n\t\t\t\t\t\t\t\t\t\t\t\t\t\t\t<span class=\"elementor-toggle-icon-closed\"><i class=\"fas fa-caret-right\"><\/i><\/span>\n\t\t\t\t\t\t\t\t<span class=\"elementor-toggle-icon-opened\"><i class=\"elementor-toggle-icon-opened fas fa-caret-up\"><\/i><\/span>\n\t\t\t\t\t\t\t\t\t\t\t\t\t<\/span>\n\t\t\t\t\t\t\t\t\t\t\t\t<a class=\"elementor-toggle-title\" tabindex=\"0\">12. O que pode levar ao cancelamento das bolsas? <\/a>\n\t\t\t\t\t<\/div>\n\n\t\t\t\t\t<div id=\"elementor-tab-content-54312\" class=\"elementor-tab-content elementor-clearfix\" data-tab=\"12\" role=\"region\" aria-labelledby=\"elementor-tab-title-54312\">O descumprimento de crit\u00e9rios como a legisla\u00e7\u00e3o do PROUNI e normas espec\u00edficas, bem como o uso de meios fraudulentos, pode levar ao cancelamento da bolsa perman\u00eancia. <\/div>\n\t\t\t\t<\/div>\n\t\t\t\t\t\t\t<div class=\"elementor-toggle-item\">\n\t\t\t\t\t<div id=\"elementor-tab-title-54313\" class=\"elementor-tab-title\" data-tab=\"13\" role=\"button\" aria-controls=\"elementor-tab-content-54313\" aria-expanded=\"false\">\n\t\t\t\t\t\t\t\t\t\t\t\t<span class=\"elementor-toggle-icon elementor-toggle-icon-right\" aria-hidden=\"true\">\n\t\t\t\t\t\t\t\t\t\t\t\t\t\t\t<span class=\"elementor-toggle-icon-closed\"><i class=\"fas fa-caret-right\"><\/i><\/span>\n\t\t\t\t\t\t\t\t<span class=\"elementor-toggle-icon-opened\"><i class=\"elementor-toggle-icon-opened fas fa-caret-up\"><\/i><\/span>\n\t\t\t\t\t\t\t\t\t\t\t\t\t<\/span>\n\t\t\t\t\t\t\t\t\t\t\t\t<a class=\"elementor-toggle-title\" tabindex=\"0\">13. Como \u00e9 feita a renova\u00e7\u00e3o das bolsas? <\/a>\n\t\t\t\t\t<\/div>\n\n\t\t\t\t\t<div id=\"elementor-tab-content-54313\" class=\"elementor-tab-content elementor-clearfix\" data-tab=\"13\" role=\"region\" aria-labelledby=\"elementor-tab-title-54313\"><p>A renova\u00e7\u00e3o das bolsas ocorre mediante a comprova\u00e7\u00e3o de matr\u00edcula e manuten\u00e7\u00e3o da bolsa PROUNI 100% no semestre subsequente.<\/p><\/div>\n\t\t\t\t<\/div>\n\t\t\t\t\t\t\t<div class=\"elementor-toggle-item\">\n\t\t\t\t\t<div id=\"elementor-tab-title-54314\" class=\"elementor-tab-title\" data-tab=\"14\" role=\"button\" aria-controls=\"elementor-tab-content-54314\" aria-expanded=\"false\">\n\t\t\t\t\t\t\t\t\t\t\t\t<span class=\"elementor-toggle-icon elementor-toggle-icon-right\" aria-hidden=\"true\">\n\t\t\t\t\t\t\t\t\t\t\t\t\t\t\t<span class=\"elementor-toggle-icon-closed\"><i class=\"fas fa-caret-right\"><\/i><\/span>\n\t\t\t\t\t\t\t\t<span class=\"elementor-toggle-icon-opened\"><i class=\"elementor-toggle-icon-opened fas fa-caret-up\"><\/i><\/span>\n\t\t\t\t\t\t\t\t\t\t\t\t\t<\/span>\n\t\t\t\t\t\t\t\t\t\t\t\t<a class=\"elementor-toggle-title\" tabindex=\"0\">14. Quem coordena e executa o processo seletivo? <\/a>\n\t\t\t\t\t<\/div>\n\n\t\t\t\t\t<div id=\"elementor-tab-content-54314\" class=\"elementor-tab-content elementor-clearfix\" data-tab=\"14\" role=\"region\" aria-labelledby=\"elementor-tab-title-54314\"><p>A Diretoria de Pesquisa, em colabora\u00e7\u00e3o com o setor de Filantropia, Bolsas e Financiamentos, \u00e9 respons\u00e1vel pelo planejamento, execu\u00e7\u00e3o e coordena\u00e7\u00e3o do processo seletivo.<\/p><\/div>\n\t\t\t\t<\/div>\n\t\t\t\t\t\t\t<div class=\"elementor-toggle-item\">\n\t\t\t\t\t<div id=\"elementor-tab-title-54315\" class=\"elementor-tab-title\" data-tab=\"15\" role=\"button\" aria-controls=\"elementor-tab-content-54315\" aria-expanded=\"false\">\n\t\t\t\t\t\t\t\t\t\t\t\t<span class=\"elementor-toggle-icon elementor-toggle-icon-right\" aria-hidden=\"true\">\n\t\t\t\t\t\t\t\t\t\t\t\t\t\t\t<span class=\"elementor-toggle-icon-closed\"><i class=\"fas fa-caret-right\"><\/i><\/span>\n\t\t\t\t\t\t\t\t<span class=\"elementor-toggle-icon-opened\"><i class=\"elementor-toggle-icon-opened fas fa-caret-up\"><\/i><\/span>\n\t\t\t\t\t\t\t\t\t\t\t\t\t<\/span>\n\t\t\t\t\t\t\t\t\t\t\t\t<a class=\"elementor-toggle-title\" tabindex=\"0\">15. Como posso tirar d\u00favidas sobre o processo seletivo? <\/a>\n\t\t\t\t\t<\/div>\n\n\t\t\t\t\t<div id=\"elementor-tab-content-54315\" class=\"elementor-tab-content elementor-clearfix\" data-tab=\"15\" role=\"region\" aria-labelledby=\"elementor-tab-title-54315\">D\u00favidas podem ser esclarecidas pelo e-mail genteboa@pucpr.br. <\/div>\n\t\t\t\t<\/div>\n\t\t\t\t\t\t\t<div class=\"elementor-toggle-item\">\n\t\t\t\t\t<div id=\"elementor-tab-title-54316\" class=\"elementor-tab-title\" data-tab=\"16\" role=\"button\" aria-controls=\"elementor-tab-content-54316\" aria-expanded=\"false\">\n\t\t\t\t\t\t\t\t\t\t\t\t<span class=\"elementor-toggle-icon elementor-toggle-icon-right\" aria-hidden=\"true\">\n\t\t\t\t\t\t\t\t\t\t\t\t\t\t\t<span class=\"elementor-toggle-icon-closed\"><i class=\"fas fa-caret-right\"><\/i><\/span>\n\t\t\t\t\t\t\t\t<span class=\"elementor-toggle-icon-opened\"><i class=\"elementor-toggle-icon-opened fas fa-caret-up\"><\/i><\/span>\n\t\t\t\t\t\t\t\t\t\t\t\t\t<\/span>\n\t\t\t\t\t\t\t\t\t\t\t\t<a class=\"elementor-toggle-title\" tabindex=\"0\">16. Qual \u00e9 o cronograma deste processo seletivo? <\/a>\n\t\t\t\t\t<\/div>\n\n\t\t\t\t\t<div id=\"elementor-tab-content-54316\" class=\"elementor-tab-content elementor-clearfix\" data-tab=\"16\" role=\"region\" aria-labelledby=\"elementor-tab-title-54316\"><p>Publica\u00e7\u00e3o do edital: 23\/06\/2025.<br \/>Per\u00edodo das inscri\u00e7\u00f5es (at\u00e9 23h59min): 23\/06\/2025 a 03\/07\/2025.<br \/>Resultado: <em>A partir de 10\/07\/2025.<\/em><\/p><\/div>\n\t\t\t\t<\/div>\n\t\t\t\t\t\t\t<div class=\"elementor-toggle-item\">\n\t\t\t\t\t<div id=\"elementor-tab-title-54317\" class=\"elementor-tab-title\" data-tab=\"17\" role=\"button\" aria-controls=\"elementor-tab-content-54317\" aria-expanded=\"false\">\n\t\t\t\t\t\t\t\t\t\t\t\t<span class=\"elementor-toggle-icon elementor-toggle-icon-right\" aria-hidden=\"true\">\n\t\t\t\t\t\t\t\t\t\t\t\t\t\t\t<span class=\"elementor-toggle-icon-closed\"><i class=\"fas fa-caret-right\"><\/i><\/span>\n\t\t\t\t\t\t\t\t<span class=\"elementor-toggle-icon-opened\"><i class=\"elementor-toggle-icon-opened fas fa-caret-up\"><\/i><\/span>\n\t\t\t\t\t\t\t\t\t\t\t\t\t<\/span>\n\t\t\t\t\t\t\t\t\t\t\t\t<a class=\"elementor-toggle-title\" tabindex=\"0\">17. Como receberei o resultado e as orienta\u00e7\u00f5es? <\/a>\n\t\t\t\t\t<\/div>\n\n\t\t\t\t\t<div id=\"elementor-tab-content-54317\" class=\"elementor-tab-content elementor-clearfix\" data-tab=\"17\" role=\"region\" aria-labelledby=\"elementor-tab-title-54317\">O resultado ser\u00e1 divulgado por e-mail, enviado ao endere\u00e7o cadastrado na inscri\u00e7\u00e3o. Os aprovados receber\u00e3o orienta\u00e7\u00f5es sobre a implementa\u00e7\u00e3o das bolsas, pelo mesmo e-mail. <\/div>\n\t\t\t\t<\/div>\n\t\t\t\t\t\t\t<div class=\"elementor-toggle-item\">\n\t\t\t\t\t<div id=\"elementor-tab-title-54318\" class=\"elementor-tab-title\" data-tab=\"18\" role=\"button\" aria-controls=\"elementor-tab-content-54318\" aria-expanded=\"false\">\n\t\t\t\t\t\t\t\t\t\t\t\t<span class=\"elementor-toggle-icon elementor-toggle-icon-right\" aria-hidden=\"true\">\n\t\t\t\t\t\t\t\t\t\t\t\t\t\t\t<span class=\"elementor-toggle-icon-closed\"><i class=\"fas fa-caret-right\"><\/i><\/span>\n\t\t\t\t\t\t\t\t<span class=\"elementor-toggle-icon-opened\"><i class=\"elementor-toggle-icon-opened fas fa-caret-up\"><\/i><\/span>\n\t\t\t\t\t\t\t\t\t\t\t\t\t<\/span>\n\t\t\t\t\t\t\t\t\t\t\t\t<a class=\"elementor-toggle-title\" tabindex=\"0\">18. Como posso acompanhar o processo seletivo? <\/a>\n\t\t\t\t\t<\/div>\n\n\t\t\t\t\t<div id=\"elementor-tab-content-54318\" class=\"elementor-tab-content elementor-clearfix\" data-tab=\"18\" role=\"region\" aria-labelledby=\"elementor-tab-title-54318\">\u00c9 de responsabilidade do candidato acompanhar os atos referentes ao processo seletivo no e-mail cadastrado na inscri\u00e7\u00e3o. <\/div>\n\t\t\t\t<\/div>\n\t\t\t\t\t\t\t<div class=\"elementor-toggle-item\">\n\t\t\t\t\t<div id=\"elementor-tab-title-54319\" class=\"elementor-tab-title\" data-tab=\"19\" role=\"button\" aria-controls=\"elementor-tab-content-54319\" aria-expanded=\"false\">\n\t\t\t\t\t\t\t\t\t\t\t\t<span class=\"elementor-toggle-icon elementor-toggle-icon-right\" aria-hidden=\"true\">\n\t\t\t\t\t\t\t\t\t\t\t\t\t\t\t<span class=\"elementor-toggle-icon-closed\"><i class=\"fas fa-caret-right\"><\/i><\/span>\n\t\t\t\t\t\t\t\t<span class=\"elementor-toggle-icon-opened\"><i class=\"elementor-toggle-icon-opened fas fa-caret-up\"><\/i><\/span>\n\t\t\t\t\t\t\t\t\t\t\t\t\t<\/span>\n\t\t\t\t\t\t\t\t\t\t\t\t<a class=\"elementor-toggle-title\" tabindex=\"0\">19. H\u00e1 taxa de inscri\u00e7\u00e3o para participar? <\/a>\n\t\t\t\t\t<\/div>\n\n\t\t\t\t\t<div id=\"elementor-tab-content-54319\" class=\"elementor-tab-content elementor-clearfix\" data-tab=\"19\" role=\"region\" aria-labelledby=\"elementor-tab-title-54319\">N\u00e3o, n\u00e3o h\u00e1 taxa de inscri\u00e7\u00e3o para este processo seletivo. <\/div>\n\t\t\t\t<\/div>\n\t\t\t\t\t\t\t\t<\/div>\n\t\t\t\t<\/div>\n\t\t\t\t<\/div>\n\t\t\t\t\t<\/div>\n\t\t<\/div>\n\t\t\t\t\t\t\t<\/div>\n\t\t<\/section>\n\t\t\t\t<section class=\"elementor-section elementor-top-section elementor-element elementor-element-d4bf113 elementor-section-full_width elementor-section-height-default elementor-section-height-default\" data-id=\"d4bf113\" data-element_type=\"section\">\n\t\t\t\t\t\t<div class=\"elementor-container elementor-column-gap-no\">\n\t\t\t\t\t<div class=\"elementor-column elementor-col-100 elementor-top-column elementor-element elementor-element-00ad502\" data-id=\"00ad502\" data-element_type=\"column\">\n\t\t\t<div class=\"elementor-widget-wrap elementor-element-populated\">\n\t\t\t\t\t\t\t\t<div class=\"elementor-element elementor-element-a78a54e elementor-widget elementor-widget-image\" data-id=\"a78a54e\" data-element_type=\"widget\" data-widget_type=\"image.default\">\n\t\t\t\t<div class=\"elementor-widget-container\">\n\t\t\t\t\t\t\t\t\t\t\t\t\t\t\t<img decoding=\"async\" width=\"1921\" height=\"94\" src=\"https:\/\/sites.pucpr.br\/genteboa\/wp-content\/uploads\/sites\/55\/2023\/08\/rodape-genteboa.png\" class=\"attachment-full size-full wp-image-149\" alt=\"Rodap\u00e9\" loading=\"lazy\" srcset=\"https:\/\/sites.pucpr.br\/genteboa\/wp-content\/uploads\/sites\/55\/2023\/08\/rodape-genteboa.png 1921w, https:\/\/sites.pucpr.br\/genteboa\/wp-content\/uploads\/sites\/55\/2023\/08\/rodape-genteboa-300x15.png 300w, https:\/\/sites.pucpr.br\/genteboa\/wp-content\/uploads\/sites\/55\/2023\/08\/rodape-genteboa-1024x50.png 1024w, https:\/\/sites.pucpr.br\/genteboa\/wp-content\/uploads\/sites\/55\/2023\/08\/rodape-genteboa-768x38.png 768w, https:\/\/sites.pucpr.br\/genteboa\/wp-content\/uploads\/sites\/55\/2023\/08\/rodape-genteboa-1536x75.png 1536w\" sizes=\"(max-width: 1921px) 100vw, 1921px\" \/>\t\t\t\t\t\t\t\t\t\t\t\t\t\t\t<\/div>\n\t\t\t\t<\/div>\n\t\t\t\t\t<\/div>\n\t\t<\/div>\n\t\t\t\t\t\t\t<\/div>\n\t\t<\/section>\n\t\t\t\t\t\t\t<\/div>\n\t\t","protected":false},"excerpt":{"rendered":"<p>Sou estudante Prouni na PUCPR e quero participar do Programa Gente Boa CONHE\u00c7A OS REQUISITOS, CONSULTE O EDITAL E ENTENDA COMO SE TORNAR UM BOLSISTA DO PROGRAMA. Quem pode participar? \u00c9 estudante na modalidade presencial da PUCPR com Bolsa Prouni ou Bolsa Social? O Programa Gente Boa \u00e9 para voc\u00ea! Para concorrer ao benef\u00edcio mensal, [&hellip;]<\/p>\n","protected":false},"author":2,"featured_media":0,"comment_status":"open","ping_status":"open","sticky":false,"template":"elementor_header_footer","format":"standard","meta":[],"categories":[1],"tags":[],"yoast_head":"<!-- This site is optimized with the Yoast SEO plugin v18.4.1 - https:\/\/yoast.com\/wordpress\/plugins\/seo\/ -->\n<title>Sou Prouni - PROGRAMA INSTITUCIONAL GENTE BOA - PUCPR<\/title>\n<meta name=\"robots\" content=\"index, follow, max-snippet:-1, max-image-preview:large, max-video-preview:-1\" \/>\n<link rel=\"canonical\" href=\"https:\/\/sites.pucpr.br\/genteboa\/sou-prouni\/\" \/>\n<meta property=\"og:locale\" content=\"pt_BR\" \/>\n<meta property=\"og:type\" content=\"article\" \/>\n<meta property=\"og:title\" content=\"Sou Prouni - PROGRAMA INSTITUCIONAL GENTE BOA - PUCPR\" \/>\n<meta property=\"og:description\" content=\"Sou estudante Prouni na PUCPR e quero participar do Programa Gente Boa CONHE\u00c7A OS REQUISITOS, CONSULTE O EDITAL E ENTENDA COMO SE TORNAR UM BOLSISTA DO PROGRAMA. Quem pode participar? \u00c9 estudante na modalidade presencial da PUCPR com Bolsa Prouni ou Bolsa Social? O Programa Gente Boa \u00e9 para voc\u00ea! Para concorrer ao benef\u00edcio mensal, [&hellip;]\" \/>\n<meta property=\"og:url\" content=\"https:\/\/sites.pucpr.br\/genteboa\/sou-prouni\/\" \/>\n<meta property=\"og:site_name\" content=\"PROGRAMA INSTITUCIONAL GENTE BOA - PUCPR\" \/>\n<meta property=\"article:published_time\" content=\"2023-09-29T11:46:33+00:00\" \/>\n<meta property=\"article:modified_time\" content=\"2025-07-17T20:05:40+00:00\" \/>\n<meta property=\"og:image\" content=\"http:\/\/sites.pucpr.br\/genteboa\/wp-content\/uploads\/sites\/55\/2023\/08\/icone-pessoas.png\" \/>\n<meta name=\"twitter:card\" content=\"summary_large_image\" \/>\n<meta name=\"twitter:label1\" content=\"Escrito por\" \/>\n\t<meta name=\"twitter:data1\" content=\"manoelmaranhao\" \/>\n\t<meta name=\"twitter:label2\" content=\"Est. tempo de leitura\" \/>\n\t<meta name=\"twitter:data2\" content=\"4 minutos\" \/>\n<script type=\"application\/ld+json\" class=\"yoast-schema-graph\">{\"@context\":\"https:\/\/schema.org\",\"@graph\":[{\"@type\":\"WebSite\",\"@id\":\"https:\/\/sites.pucpr.br\/genteboa\/#website\",\"url\":\"https:\/\/sites.pucpr.br\/genteboa\/\",\"name\":\"PROGRAMA INSTITUCIONAL GENTE BOA - PUCPR\",\"description\":\"Somos uma Universidade que acredita que quando fazemos juntos vamos mais longe e assim, constru\u00edmos uma sociedade melhor.\",\"potentialAction\":[{\"@type\":\"SearchAction\",\"target\":{\"@type\":\"EntryPoint\",\"urlTemplate\":\"https:\/\/sites.pucpr.br\/genteboa\/?s={search_term_string}\"},\"query-input\":\"required name=search_term_string\"}],\"inLanguage\":\"pt-BR\"},{\"@type\":\"ImageObject\",\"@id\":\"https:\/\/sites.pucpr.br\/genteboa\/sou-prouni\/#primaryimage\",\"inLanguage\":\"pt-BR\",\"url\":\"https:\/\/sites.pucpr.br\/genteboa\/wp-content\/uploads\/sites\/55\/2023\/08\/icone-pessoas.png\",\"contentUrl\":\"https:\/\/sites.pucpr.br\/genteboa\/wp-content\/uploads\/sites\/55\/2023\/08\/icone-pessoas.png\",\"width\":170,\"height\":187,\"caption\":\"pessoas\"},{\"@type\":\"WebPage\",\"@id\":\"https:\/\/sites.pucpr.br\/genteboa\/sou-prouni\/#webpage\",\"url\":\"https:\/\/sites.pucpr.br\/genteboa\/sou-prouni\/\",\"name\":\"Sou Prouni - PROGRAMA INSTITUCIONAL GENTE BOA - PUCPR\",\"isPartOf\":{\"@id\":\"https:\/\/sites.pucpr.br\/genteboa\/#website\"},\"primaryImageOfPage\":{\"@id\":\"https:\/\/sites.pucpr.br\/genteboa\/sou-prouni\/#primaryimage\"},\"datePublished\":\"2023-09-29T11:46:33+00:00\",\"dateModified\":\"2025-07-17T20:05:40+00:00\",\"author\":{\"@id\":\"https:\/\/sites.pucpr.br\/genteboa\/#\/schema\/person\/98e3667256965161b3ff1b8f54f3c48f\"},\"breadcrumb\":{\"@id\":\"https:\/\/sites.pucpr.br\/genteboa\/sou-prouni\/#breadcrumb\"},\"inLanguage\":\"pt-BR\",\"potentialAction\":[{\"@type\":\"ReadAction\",\"target\":[\"https:\/\/sites.pucpr.br\/genteboa\/sou-prouni\/\"]}]},{\"@type\":\"BreadcrumbList\",\"@id\":\"https:\/\/sites.pucpr.br\/genteboa\/sou-prouni\/#breadcrumb\",\"itemListElement\":[{\"@type\":\"ListItem\",\"position\":1,\"name\":\"In\u00edcio\",\"item\":\"https:\/\/sites.pucpr.br\/genteboa\/\"},{\"@type\":\"ListItem\",\"position\":2,\"name\":\"Sou Prouni\"}]},{\"@type\":\"Person\",\"@id\":\"https:\/\/sites.pucpr.br\/genteboa\/#\/schema\/person\/98e3667256965161b3ff1b8f54f3c48f\",\"name\":\"manoelmaranhao\",\"image\":{\"@type\":\"ImageObject\",\"@id\":\"https:\/\/sites.pucpr.br\/genteboa\/#personlogo\",\"inLanguage\":\"pt-BR\",\"url\":\"https:\/\/secure.gravatar.com\/avatar\/096a0b6c9de4af4053605003f5c22156?s=96&d=mm&r=g\",\"contentUrl\":\"https:\/\/secure.gravatar.com\/avatar\/096a0b6c9de4af4053605003f5c22156?s=96&d=mm&r=g\",\"caption\":\"manoelmaranhao\"},\"url\":\"https:\/\/sites.pucpr.br\/genteboa\/author\/manoelmaranhao\/\"}]}<\/script>\n<!-- \/ Yoast SEO plugin. -->","yoast_head_json":{"title":"Sou Prouni - PROGRAMA INSTITUCIONAL GENTE BOA - PUCPR","robots":{"index":"index","follow":"follow","max-snippet":"max-snippet:-1","max-image-preview":"max-image-preview:large","max-video-preview":"max-video-preview:-1"},"canonical":"https:\/\/sites.pucpr.br\/genteboa\/sou-prouni\/","og_locale":"pt_BR","og_type":"article","og_title":"Sou Prouni - PROGRAMA INSTITUCIONAL GENTE BOA - PUCPR","og_description":"Sou estudante Prouni na PUCPR e quero participar do Programa Gente Boa CONHE\u00c7A OS REQUISITOS, CONSULTE O EDITAL E ENTENDA COMO SE TORNAR UM BOLSISTA DO PROGRAMA. Quem pode participar? \u00c9 estudante na modalidade presencial da PUCPR com Bolsa Prouni ou Bolsa Social? O Programa Gente Boa \u00e9 para voc\u00ea! Para concorrer ao benef\u00edcio mensal, [&hellip;]","og_url":"https:\/\/sites.pucpr.br\/genteboa\/sou-prouni\/","og_site_name":"PROGRAMA INSTITUCIONAL GENTE BOA - PUCPR","article_published_time":"2023-09-29T11:46:33+00:00","article_modified_time":"2025-07-17T20:05:40+00:00","og_image":[{"url":"http:\/\/sites.pucpr.br\/genteboa\/wp-content\/uploads\/sites\/55\/2023\/08\/icone-pessoas.png"}],"twitter_card":"summary_large_image","twitter_misc":{"Escrito por":"manoelmaranhao","Est. tempo de leitura":"4 minutos"},"schema":{"@context":"https:\/\/schema.org","@graph":[{"@type":"WebSite","@id":"https:\/\/sites.pucpr.br\/genteboa\/#website","url":"https:\/\/sites.pucpr.br\/genteboa\/","name":"PROGRAMA INSTITUCIONAL GENTE BOA - PUCPR","description":"Somos uma Universidade que acredita que quando fazemos juntos vamos mais longe e assim, constru\u00edmos uma sociedade melhor.","potentialAction":[{"@type":"SearchAction","target":{"@type":"EntryPoint","urlTemplate":"https:\/\/sites.pucpr.br\/genteboa\/?s={search_term_string}"},"query-input":"required name=search_term_string"}],"inLanguage":"pt-BR"},{"@type":"ImageObject","@id":"https:\/\/sites.pucpr.br\/genteboa\/sou-prouni\/#primaryimage","inLanguage":"pt-BR","url":"https:\/\/sites.pucpr.br\/genteboa\/wp-content\/uploads\/sites\/55\/2023\/08\/icone-pessoas.png","contentUrl":"https:\/\/sites.pucpr.br\/genteboa\/wp-content\/uploads\/sites\/55\/2023\/08\/icone-pessoas.png","width":170,"height":187,"caption":"pessoas"},{"@type":"WebPage","@id":"https:\/\/sites.pucpr.br\/genteboa\/sou-prouni\/#webpage","url":"https:\/\/sites.pucpr.br\/genteboa\/sou-prouni\/","name":"Sou Prouni - PROGRAMA INSTITUCIONAL GENTE BOA - PUCPR","isPartOf":{"@id":"https:\/\/sites.pucpr.br\/genteboa\/#website"},"primaryImageOfPage":{"@id":"https:\/\/sites.pucpr.br\/genteboa\/sou-prouni\/#primaryimage"},"datePublished":"2023-09-29T11:46:33+00:00","dateModified":"2025-07-17T20:05:40+00:00","author":{"@id":"https:\/\/sites.pucpr.br\/genteboa\/#\/schema\/person\/98e3667256965161b3ff1b8f54f3c48f"},"breadcrumb":{"@id":"https:\/\/sites.pucpr.br\/genteboa\/sou-prouni\/#breadcrumb"},"inLanguage":"pt-BR","potentialAction":[{"@type":"ReadAction","target":["https:\/\/sites.pucpr.br\/genteboa\/sou-prouni\/"]}]},{"@type":"BreadcrumbList","@id":"https:\/\/sites.pucpr.br\/genteboa\/sou-prouni\/#breadcrumb","itemListElement":[{"@type":"ListItem","position":1,"name":"In\u00edcio","item":"https:\/\/sites.pucpr.br\/genteboa\/"},{"@type":"ListItem","position":2,"name":"Sou Prouni"}]},{"@type":"Person","@id":"https:\/\/sites.pucpr.br\/genteboa\/#\/schema\/person\/98e3667256965161b3ff1b8f54f3c48f","name":"manoelmaranhao","image":{"@type":"ImageObject","@id":"https:\/\/sites.pucpr.br\/genteboa\/#personlogo","inLanguage":"pt-BR","url":"https:\/\/secure.gravatar.com\/avatar\/096a0b6c9de4af4053605003f5c22156?s=96&d=mm&r=g","contentUrl":"https:\/\/secure.gravatar.com\/avatar\/096a0b6c9de4af4053605003f5c22156?s=96&d=mm&r=g","caption":"manoelmaranhao"},"url":"https:\/\/sites.pucpr.br\/genteboa\/author\/manoelmaranhao\/"}]}},"_links":{"self":[{"href":"https:\/\/sites.pucpr.br\/genteboa\/wp-json\/wp\/v2\/posts\/147"}],"collection":[{"href":"https:\/\/sites.pucpr.br\/genteboa\/wp-json\/wp\/v2\/posts"}],"about":[{"href":"https:\/\/sites.pucpr.br\/genteboa\/wp-json\/wp\/v2\/types\/post"}],"author":[{"embeddable":true,"href":"https:\/\/sites.pucpr.br\/genteboa\/wp-json\/wp\/v2\/users\/2"}],"replies":[{"embeddable":true,"href":"https:\/\/sites.pucpr.br\/genteboa\/wp-json\/wp\/v2\/comments?post=147"}],"version-history":[{"count":112,"href":"https:\/\/sites.pucpr.br\/genteboa\/wp-json\/wp\/v2\/posts\/147\/revisions"}],"predecessor-version":[{"id":655,"href":"https:\/\/sites.pucpr.br\/genteboa\/wp-json\/wp\/v2\/posts\/147\/revisions\/655"}],"wp:attachment":[{"href":"https:\/\/sites.pucpr.br\/genteboa\/wp-json\/wp\/v2\/media?parent=147"}],"wp:term":[{"taxonomy":"category","embeddable":true,"href":"https:\/\/sites.pucpr.br\/genteboa\/wp-json\/wp\/v2\/categories?post=147"},{"taxonomy":"post_tag","embeddable":true,"href":"https:\/\/sites.pucpr.br\/genteboa\/wp-json\/wp\/v2\/tags?post=147"}],"curies":[{"name":"wp","href":"https:\/\/api.w.org\/{rel}","templated":true}]}}