{"id":976,"date":"2024-08-05T15:27:28","date_gmt":"2024-08-05T18:27:28","guid":{"rendered":"https:\/\/sites.pucpr.br\/enade\/?p=976"},"modified":"2024-08-05T15:27:30","modified_gmt":"2024-08-05T18:27:30","slug":"avaliacao-da-pratica","status":"publish","type":"post","link":"https:\/\/sites.pucpr.br\/enade\/2024\/08\/05\/avaliacao-da-pratica\/","title":{"rendered":"Avalia\u00e7\u00e3o da Pr\u00e1tica"},"content":{"rendered":"\n<p><strong>QUEM S\u00c3O OS ESTUDANTES AVALIADOS?<\/strong><\/p>\n\n\n\n<p>Os estudantes habilitados \u00e0 Avalia\u00e7\u00e3o de Profici\u00eancia (AP) s\u00e3o aqueles que, durante o est\u00e1gio supervisionado obrigat\u00f3rio, estejam realizando ou iniciem a reg\u00eancia de classe na Educa\u00e7\u00e3o B\u00e1sica entre o per\u00edodo de inscri\u00e7\u00f5es na AP e o final de julho de 2025.<br>Cada estudante deve ser inscrito na AP apenas uma vez por curso, mesmo que participe de m\u00faltiplos est\u00e1gios supervisionados com atividades de reg\u00eancia de classe durante a gradua\u00e7\u00e3o. No caso de cursos com est\u00e1gios supervisionados que envolvem m\u00faltiplos per\u00edodos de reg\u00eancia de classe, o estudante deve ser preferencialmente inscrito para a AP somente no \u00faltimo per\u00edodo de reg\u00eancia planejado ou em outro per\u00edodo determinado pelo coordenador do curso.<br>Os estudantes que j\u00e1 tenham cumprido, no \u00e2mbito do est\u00e1gio obrigat\u00f3rio, todos os per\u00edodos de reg\u00eancia de classe na Educa\u00e7\u00e3o B\u00e1sica antes do in\u00edcio das inscri\u00e7\u00f5es da AP do Enade das Licenciaturas ser\u00e3o considerados n\u00e3o habilitados e n\u00e3o dever\u00e3o ser inscritos na AP.<\/p>\n\n\n\n<p><strong>PER\u00cdODO PARA A REALIZA\u00c7\u00c3O DA AVALIA\u00c7\u00c3O<\/strong><\/p>\n\n\n\n<ul>\n<li>Concluintes em 2024\/2: 16\/09\/2024 a 03\/12\/2024<\/li>\n\n\n\n<li>Concluintes em 2025\/1: 03\/02\/2025 a 03\/07\/2025<\/li>\n<\/ul>\n\n\n\n<p><strong>COMO SER\u00c1 A AVALIA\u00c7\u00c3O<\/strong>?<\/p>\n\n\n\n<p>A avalia\u00e7\u00e3o envolver\u00e1 a participa\u00e7\u00e3o dos professores supervisores (docente da escola de educa\u00e7\u00e3o b\u00e1sica) e orientadores de est\u00e1gio (docente da IES). O estudante dever\u00e1 realizar o preenchimento do Question\u00e1rio de Avalia\u00e7\u00e3o Pr\u00e1tica atrav\u00e9s do Sistema Enade.<br>As Portarias podem ser acessadas em sua \u00edntegra em:<\/p>\n\n\n\n<ul>\n<li><a href=\"https:\/\/www.in.gov.br\/en\/web\/dou\/-\/portaria-n-610-de-27-de-junho-de- 2024-569033072\" target=\"_blank\" rel=\"noreferrer noopener\">Portaria no 610, de 27\/06\/2024<\/a><\/li>\n\n\n\n<li><a href=\"https:\/\/www.in.gov.br\/en\/web\/dou\/-\/portaria-n-611-de-27-de-junho-de- 2024-569019655\">Portaria no 611, de 27\/06\/2024<\/a><\/li>\n<\/ul>\n","protected":false},"excerpt":{"rendered":"<p>QUEM S\u00c3O OS ESTUDANTES AVALIADOS? Os estudantes habilitados \u00e0 Avalia\u00e7\u00e3o de Profici\u00eancia (AP) s\u00e3o aqueles que, durante o est\u00e1gio supervisionado obrigat\u00f3rio, estejam realizando ou iniciem a reg\u00eancia de classe na Educa\u00e7\u00e3o B\u00e1sica entre o per\u00edodo de inscri\u00e7\u00f5es na AP e o final de julho de 2025.Cada estudante deve ser inscrito na AP apenas uma vez [&hellip;]<\/p>\n","protected":false},"author":2,"featured_media":0,"comment_status":"open","ping_status":"open","sticky":false,"template":"","format":"standard","meta":[],"categories":[1],"tags":[],"yoast_head":"<!-- This site is optimized with the Yoast SEO plugin v18.4.1 - https:\/\/yoast.com\/wordpress\/plugins\/seo\/ -->\n<title>Avalia\u00e7\u00e3o da Pr\u00e1tica - ENADE - PUCPR<\/title>\n<meta name=\"robots\" content=\"index, follow, max-snippet:-1, max-image-preview:large, max-video-preview:-1\" \/>\n<link rel=\"canonical\" href=\"https:\/\/sites.pucpr.br\/enade\/2024\/08\/05\/avaliacao-da-pratica\/\" \/>\n<meta property=\"og:locale\" content=\"pt_BR\" \/>\n<meta property=\"og:type\" content=\"article\" \/>\n<meta property=\"og:title\" content=\"Avalia\u00e7\u00e3o da Pr\u00e1tica - ENADE - PUCPR\" \/>\n<meta property=\"og:description\" content=\"QUEM S\u00c3O OS ESTUDANTES AVALIADOS? Os estudantes habilitados \u00e0 Avalia\u00e7\u00e3o de Profici\u00eancia (AP) s\u00e3o aqueles que, durante o est\u00e1gio supervisionado obrigat\u00f3rio, estejam realizando ou iniciem a reg\u00eancia de classe na Educa\u00e7\u00e3o B\u00e1sica entre o per\u00edodo de inscri\u00e7\u00f5es na AP e o final de julho de 2025.Cada estudante deve ser inscrito na AP apenas uma vez [&hellip;]\" \/>\n<meta property=\"og:url\" content=\"https:\/\/sites.pucpr.br\/enade\/2024\/08\/05\/avaliacao-da-pratica\/\" \/>\n<meta property=\"og:site_name\" content=\"ENADE - PUCPR\" \/>\n<meta property=\"article:published_time\" content=\"2024-08-05T18:27:28+00:00\" \/>\n<meta property=\"article:modified_time\" content=\"2024-08-05T18:27:30+00:00\" \/>\n<meta name=\"twitter:card\" content=\"summary_large_image\" \/>\n<meta name=\"twitter:label1\" content=\"Escrito por\" \/>\n\t<meta name=\"twitter:data1\" content=\"manoelmaranhao\" \/>\n\t<meta name=\"twitter:label2\" content=\"Est. tempo de leitura\" \/>\n\t<meta name=\"twitter:data2\" content=\"1 minuto\" \/>\n<script type=\"application\/ld+json\" class=\"yoast-schema-graph\">{\"@context\":\"https:\/\/schema.org\",\"@graph\":[{\"@type\":\"WebSite\",\"@id\":\"https:\/\/sites.pucpr.br\/enade\/#website\",\"url\":\"https:\/\/sites.pucpr.br\/enade\/\",\"name\":\"ENADE - PUCPR\",\"description\":\"Informa\u00e7\u00f5es sobre o ENADE PUCPR\",\"potentialAction\":[{\"@type\":\"SearchAction\",\"target\":{\"@type\":\"EntryPoint\",\"urlTemplate\":\"https:\/\/sites.pucpr.br\/enade\/?s={search_term_string}\"},\"query-input\":\"required name=search_term_string\"}],\"inLanguage\":\"pt-BR\"},{\"@type\":\"WebPage\",\"@id\":\"https:\/\/sites.pucpr.br\/enade\/2024\/08\/05\/avaliacao-da-pratica\/#webpage\",\"url\":\"https:\/\/sites.pucpr.br\/enade\/2024\/08\/05\/avaliacao-da-pratica\/\",\"name\":\"Avalia\u00e7\u00e3o da Pr\u00e1tica - ENADE - PUCPR\",\"isPartOf\":{\"@id\":\"https:\/\/sites.pucpr.br\/enade\/#website\"},\"datePublished\":\"2024-08-05T18:27:28+00:00\",\"dateModified\":\"2024-08-05T18:27:30+00:00\",\"author\":{\"@id\":\"https:\/\/sites.pucpr.br\/enade\/#\/schema\/person\/98e3667256965161b3ff1b8f54f3c48f\"},\"breadcrumb\":{\"@id\":\"https:\/\/sites.pucpr.br\/enade\/2024\/08\/05\/avaliacao-da-pratica\/#breadcrumb\"},\"inLanguage\":\"pt-BR\",\"potentialAction\":[{\"@type\":\"ReadAction\",\"target\":[\"https:\/\/sites.pucpr.br\/enade\/2024\/08\/05\/avaliacao-da-pratica\/\"]}]},{\"@type\":\"BreadcrumbList\",\"@id\":\"https:\/\/sites.pucpr.br\/enade\/2024\/08\/05\/avaliacao-da-pratica\/#breadcrumb\",\"itemListElement\":[{\"@type\":\"ListItem\",\"position\":1,\"name\":\"In\u00edcio\",\"item\":\"https:\/\/sites.pucpr.br\/enade\/\"},{\"@type\":\"ListItem\",\"position\":2,\"name\":\"Avalia\u00e7\u00e3o da Pr\u00e1tica\"}]},{\"@type\":\"Person\",\"@id\":\"https:\/\/sites.pucpr.br\/enade\/#\/schema\/person\/98e3667256965161b3ff1b8f54f3c48f\",\"name\":\"manoelmaranhao\",\"image\":{\"@type\":\"ImageObject\",\"@id\":\"https:\/\/sites.pucpr.br\/enade\/#personlogo\",\"inLanguage\":\"pt-BR\",\"url\":\"https:\/\/secure.gravatar.com\/avatar\/096a0b6c9de4af4053605003f5c22156?s=96&d=mm&r=g\",\"contentUrl\":\"https:\/\/secure.gravatar.com\/avatar\/096a0b6c9de4af4053605003f5c22156?s=96&d=mm&r=g\",\"caption\":\"manoelmaranhao\"},\"url\":\"https:\/\/sites.pucpr.br\/enade\/author\/manoelmaranhao\/\"}]}<\/script>\n<!-- \/ Yoast SEO plugin. -->","yoast_head_json":{"title":"Avalia\u00e7\u00e3o da Pr\u00e1tica - ENADE - PUCPR","robots":{"index":"index","follow":"follow","max-snippet":"max-snippet:-1","max-image-preview":"max-image-preview:large","max-video-preview":"max-video-preview:-1"},"canonical":"https:\/\/sites.pucpr.br\/enade\/2024\/08\/05\/avaliacao-da-pratica\/","og_locale":"pt_BR","og_type":"article","og_title":"Avalia\u00e7\u00e3o da Pr\u00e1tica - ENADE - PUCPR","og_description":"QUEM S\u00c3O OS ESTUDANTES AVALIADOS? Os estudantes habilitados \u00e0 Avalia\u00e7\u00e3o de Profici\u00eancia (AP) s\u00e3o aqueles que, durante o est\u00e1gio supervisionado obrigat\u00f3rio, estejam realizando ou iniciem a reg\u00eancia de classe na Educa\u00e7\u00e3o B\u00e1sica entre o per\u00edodo de inscri\u00e7\u00f5es na AP e o final de julho de 2025.Cada estudante deve ser inscrito na AP apenas uma vez [&hellip;]","og_url":"https:\/\/sites.pucpr.br\/enade\/2024\/08\/05\/avaliacao-da-pratica\/","og_site_name":"ENADE - PUCPR","article_published_time":"2024-08-05T18:27:28+00:00","article_modified_time":"2024-08-05T18:27:30+00:00","twitter_card":"summary_large_image","twitter_misc":{"Escrito por":"manoelmaranhao","Est. tempo de leitura":"1 minuto"},"schema":{"@context":"https:\/\/schema.org","@graph":[{"@type":"WebSite","@id":"https:\/\/sites.pucpr.br\/enade\/#website","url":"https:\/\/sites.pucpr.br\/enade\/","name":"ENADE - PUCPR","description":"Informa\u00e7\u00f5es sobre o ENADE PUCPR","potentialAction":[{"@type":"SearchAction","target":{"@type":"EntryPoint","urlTemplate":"https:\/\/sites.pucpr.br\/enade\/?s={search_term_string}"},"query-input":"required name=search_term_string"}],"inLanguage":"pt-BR"},{"@type":"WebPage","@id":"https:\/\/sites.pucpr.br\/enade\/2024\/08\/05\/avaliacao-da-pratica\/#webpage","url":"https:\/\/sites.pucpr.br\/enade\/2024\/08\/05\/avaliacao-da-pratica\/","name":"Avalia\u00e7\u00e3o da Pr\u00e1tica - ENADE - PUCPR","isPartOf":{"@id":"https:\/\/sites.pucpr.br\/enade\/#website"},"datePublished":"2024-08-05T18:27:28+00:00","dateModified":"2024-08-05T18:27:30+00:00","author":{"@id":"https:\/\/sites.pucpr.br\/enade\/#\/schema\/person\/98e3667256965161b3ff1b8f54f3c48f"},"breadcrumb":{"@id":"https:\/\/sites.pucpr.br\/enade\/2024\/08\/05\/avaliacao-da-pratica\/#breadcrumb"},"inLanguage":"pt-BR","potentialAction":[{"@type":"ReadAction","target":["https:\/\/sites.pucpr.br\/enade\/2024\/08\/05\/avaliacao-da-pratica\/"]}]},{"@type":"BreadcrumbList","@id":"https:\/\/sites.pucpr.br\/enade\/2024\/08\/05\/avaliacao-da-pratica\/#breadcrumb","itemListElement":[{"@type":"ListItem","position":1,"name":"In\u00edcio","item":"https:\/\/sites.pucpr.br\/enade\/"},{"@type":"ListItem","position":2,"name":"Avalia\u00e7\u00e3o da Pr\u00e1tica"}]},{"@type":"Person","@id":"https:\/\/sites.pucpr.br\/enade\/#\/schema\/person\/98e3667256965161b3ff1b8f54f3c48f","name":"manoelmaranhao","image":{"@type":"ImageObject","@id":"https:\/\/sites.pucpr.br\/enade\/#personlogo","inLanguage":"pt-BR","url":"https:\/\/secure.gravatar.com\/avatar\/096a0b6c9de4af4053605003f5c22156?s=96&d=mm&r=g","contentUrl":"https:\/\/secure.gravatar.com\/avatar\/096a0b6c9de4af4053605003f5c22156?s=96&d=mm&r=g","caption":"manoelmaranhao"},"url":"https:\/\/sites.pucpr.br\/enade\/author\/manoelmaranhao\/"}]}},"aioseo_notices":[],"_links":{"self":[{"href":"https:\/\/sites.pucpr.br\/enade\/wp-json\/wp\/v2\/posts\/976"}],"collection":[{"href":"https:\/\/sites.pucpr.br\/enade\/wp-json\/wp\/v2\/posts"}],"about":[{"href":"https:\/\/sites.pucpr.br\/enade\/wp-json\/wp\/v2\/types\/post"}],"author":[{"embeddable":true,"href":"https:\/\/sites.pucpr.br\/enade\/wp-json\/wp\/v2\/users\/2"}],"replies":[{"embeddable":true,"href":"https:\/\/sites.pucpr.br\/enade\/wp-json\/wp\/v2\/comments?post=976"}],"version-history":[{"count":1,"href":"https:\/\/sites.pucpr.br\/enade\/wp-json\/wp\/v2\/posts\/976\/revisions"}],"predecessor-version":[{"id":981,"href":"https:\/\/sites.pucpr.br\/enade\/wp-json\/wp\/v2\/posts\/976\/revisions\/981"}],"wp:attachment":[{"href":"https:\/\/sites.pucpr.br\/enade\/wp-json\/wp\/v2\/media?parent=976"}],"wp:term":[{"taxonomy":"category","embeddable":true,"href":"https:\/\/sites.pucpr.br\/enade\/wp-json\/wp\/v2\/categories?post=976"},{"taxonomy":"post_tag","embeddable":true,"href":"https:\/\/sites.pucpr.br\/enade\/wp-json\/wp\/v2\/tags?post=976"}],"curies":[{"name":"wp","href":"https:\/\/api.w.org\/{rel}","templated":true}]}}