{"id":153,"date":"2021-06-28T12:17:59","date_gmt":"2021-06-28T15:17:59","guid":{"rendered":"https:\/\/sites.pucpr.br\/enade\/?p=153"},"modified":"2021-06-28T12:49:19","modified_gmt":"2021-06-28T15:49:19","slug":"napucprtem-saiba-mais-sobre-a-pesquisa-na-universidade","status":"publish","type":"post","link":"https:\/\/sites.pucpr.br\/enade\/2021\/06\/28\/napucprtem-saiba-mais-sobre-a-pesquisa-na-universidade\/","title":{"rendered":"#NaPUCPRTem: saiba mais sobre a Pesquisa na Universidade"},"content":{"rendered":"\n<figure class=\"wp-block-image is-resized\"><img decoding=\"async\" loading=\"lazy\" src=\"https:\/\/static.pucpr.br\/pucpr\/2021\/06\/quimica-119.jpg\" alt=\"\" class=\"wp-image-722584\" width=\"1200\" height=\"800\"\/><\/figure>\n\n\n\n<p>A produ\u00e7\u00e3o cient\u00edfica de qualidade e relev\u00e2ncia \u00e9 um dos principais pilares de uma boa universidade, e na PUCPR n\u00e3o \u00e9 diferente. Aqui, existem diversas oportunidades para desenvolvimento de pesquisas nas mais variadas \u00e1reas do conhecimento e para os mais diversos n\u00edveis educacionais \u2013 come\u00e7ando pelo Ensino M\u00e9dio, por meio da Feira de Ci\u00eancias J\u00fanior e do&nbsp;<a href=\"https:\/\/www.pucpr.br\/estudante\/graduacao\/iniciacao-cientifica\/pibic-jr\/\" target=\"_blank\" rel=\"noopener\">PIBIC J\u00fanior<\/a>, e indo at\u00e9 a p\u00f3s-gradua\u00e7\u00e3o. Conhe\u00e7a algumas dessas iniciativas a seguir.<\/p>\n\n\n\n<p>Desde o in\u00edcio da gradua\u00e7\u00e3o, os estudantes da PUCPR encontram oportunidades de se desenvolverem como pesquisadores. Dentre elas, est\u00e3o o Programa Institucional de Bolsas de Inicia\u00e7\u00e3o Cient\u00edfica<a href=\"https:\/\/www.pucpr.br\/estudante\/graduacao\/iniciacao-cientifica\/pibic\/\" target=\"_blank\" rel=\"noopener\">&nbsp;(PIBIC)<\/a>, o&nbsp;Programa Institucional de Bolsas de Inicia\u00e7\u00e3o em Desenvolvimento Tecnol\u00f3gico e Inova\u00e7\u00e3o<a href=\"https:\/\/www.pucpr.br\/estudante\/graduacao\/iniciacao-cientifica\/pibiti\/\" target=\"_blank\" rel=\"noopener\">&nbsp;(PIBITI),&nbsp;<\/a>o Programa Institucional de Bolsas de Empreendedorismo e Pesquisa&nbsp;<a href=\"https:\/\/www.pucpr.br\/estudante\/graduacao\/iniciacao-cientifica\/pibep\/\" target=\"_blank\" rel=\"noopener\">(PIBEP)<\/a>, al\u00e9m do Semin\u00e1rio de Inicia\u00e7\u00e3o Cient\u00edfica da PUCPR&nbsp;<a href=\"https:\/\/cip.pucpr.br\/eventos\/semic\/16\/index.php\" target=\"_blank\" rel=\"noopener\">(SEMIC)<\/a>.<\/p>\n\n\n\n<div class=\"wp-block-image\"><figure class=\"alignleft is-resized\"><img decoding=\"async\" loading=\"lazy\" src=\"https:\/\/static.pucpr.br\/pucpr\/2021\/06\/pibic-master-iniciacao-cientifica-pucpr-agner.jpg\" alt=\"\" class=\"wp-image-722579\" width=\"482\" height=\"305\"\/><\/figure><\/div>\n\n\n\n<p class=\"postTitle\"><strong>Da inicia\u00e7\u00e3o cient\u00edfica na PUCPR ao doutorado na Su\u00ed\u00e7a<\/strong><\/p>\n\n\n\n<p>Agner Hochuli foi premiado no SEMIC em 2018 e em 2021 conquistou um doutorado em Biotecnologia na Universidade de Zurique.<\/p>\n\n\n\n<p><a class=\"botao_flat\" href=\"https:\/\/www.pucpr.br\/pesquisanapucpr\/iniciacao-cientifica\/da-iniciacao-cientifica-na-pucpr-ao-mestrado-na-suica\/\" target=\"_blank\" rel=\"noopener\">SAIBA MAIS<\/a><\/p>\n\n\n\n<p>S\u00e3o muitas as possibilidades de desenvolver pesquisas, tecnologias inovadoras e projetos de empreendedorismo, possibilitando que o estudante trace uma jornada cient\u00edfica dentro da PUCPR \u2013 que n\u00e3o precisa parar na gradua\u00e7\u00e3o. A Universidade oferece ainda o&nbsp;<a href=\"https:\/\/www.pucpr.br\/estudante\/graduacao\/iniciacao-cientifica\/pibic-master\/\" target=\"_blank\" rel=\"noopener\">PIBIC Master<\/a>&nbsp;, que possibilita que estudantes de gradua\u00e7\u00e3o cursem disciplinas de mestrado, al\u00e9m de oportunidades de&nbsp;<a href=\"https:\/\/www.pucpr.br\/estude-na-pucpr\/mestrado-e-doutorado\/\" target=\"_blank\" rel=\"noopener\">mestrado e doutorado<\/a>&nbsp;para aqueles que quiserem se aprofundar na ci\u00eancia, inclusive com oportunidades internacionais de pesquisa em parceria com universidades no exterior.<\/p>\n\n\n\n<div class=\"wp-block-image\"><figure class=\"alignleft is-resized\"><img decoding=\"async\" loading=\"lazy\" src=\"https:\/\/static.pucpr.br\/pucpr\/2021\/06\/028d198f-a4a2-4a82-bec0-e3468b74d9e2-768x513-768x513.jpg\" alt=\"\" class=\"wp-image-722581\" width=\"576\" height=\"385\"\/><\/figure><\/div>\n\n\n\n<p class=\"postTitle\"><strong>\u201cO bom pesquisador vive a pesquisa todos os dias\u201d<\/strong><\/p>\n\n\n\n<p>Roberto Pecoits Filho \u00e9 professor da PUCPR h\u00e1 18 anos e foi eleito um dos 100 mil cientistas mais influentes do mundo pelo Journal Plos Biology.<\/p>\n\n\n\n<p><a class=\"botao_flat\" href=\"https:\/\/www.pucpr.br\/noticias\/destaque\/o-bom-pesquisador-vive-pesquisa-todos-os-dias\/\" target=\"_blank\" rel=\"noopener\">SAIBA MAIS<\/a><\/p>\n\n\n\n<p>O desenvolvimento cient\u00edfico n\u00e3o se reserva apenas aos estudantes da PUCPR. Aqui, nomes importantes da ci\u00eancia que s\u00e3o refer\u00eancia em suas \u00e1reas de atua\u00e7\u00e3o tamb\u00e9m podem expandir seus estudos e compartilhar seus conhecimentos como professores.<\/p>\n\n\n\n<p>As pesquisas realizadas na PUCPR trazem contribui\u00e7\u00f5es para m\u00faltiplas \u00e1reas do conhecimento e acrescentam \u00e0s discuss\u00f5es acerca de temas atuais. O principal objetivo \u00e9 contribuir com a sociedade por meio de inova\u00e7\u00e3o e novos conhecimentos, solucionando problemas de relev\u00e2ncia social e colaborando para o bem-estar coletivo.<\/p>\n\n\n\n<div class=\"wp-block-image\"><figure class=\"alignleft is-resized\"><img decoding=\"async\" loading=\"lazy\" src=\"https:\/\/static.pucpr.br\/pucpr\/2021\/06\/centro-de-tecnologia-celular-da-pucpr-768x512-768x512.jpg\" alt=\"\" class=\"wp-image-722582\" width=\"576\" height=\"384\"\/><\/figure><\/div>\n\n\n\n<p class=\"postTitle\"><strong>PUCPR divulga os avan\u00e7os das pesquisas para o enfrentamento da Covid-19<\/strong><\/p>\n\n\n\n<p>Desde o in\u00edcio da pandemia do novo coronav\u00edrus, pesquisadores da PUCPR t\u00eam intensificado esfor\u00e7os para compreender melhor a doen\u00e7a, seus reflexos e encontrar solu\u00e7\u00f5es que auxiliem no seu combate.<\/p>\n\n\n\n<p><a class=\"botao_flat\" href=\"https:\/\/www.pucpr.br\/fiquepordentro\/pucpr-divulga-os-avancos-das-pesquisas-para-o-enfrentamento-da-covid-19\/\" target=\"_blank\" rel=\"noopener\">SAIBA MAIS<\/a><\/p>\n\n\n\n<div class=\"wp-block-image\"><figure class=\"alignleft is-resized\"><img decoding=\"async\" loading=\"lazy\" src=\"https:\/\/static.pucpr.br\/pucpr\/2021\/06\/pesquisa-pucpr-qualidade-agua-768x431-768x431.jpg\" alt=\"\" class=\"wp-image-722583\" width=\"576\" height=\"323\"\/><\/figure><\/div>\n\n\n\n<p class=\"postTitle\"><strong>Pesquisadores da PUCPR apresentam solu\u00e7\u00f5es para monitorar a qualidade da \u00e1gua em Curitiba<\/strong><\/p>\n\n\n\n<p>Abordagem \u00e9 in\u00e9dita por utilizar t\u00e9cnicas de minera\u00e7\u00e3o de dados para fazer a an\u00e1lise cr\u00edtica dos programas de controle.<\/p>\n\n\n\n<p><a class=\"botao_flat\" href=\"https:\/\/www.pucpr.br\/noticias\/pesquisadores-da-pucpr-apresentam-solucoes-para-monitorar-qualidade-da-agua-em-curitiba\/\" target=\"_blank\" rel=\"noopener\">SAIBA MAIS<\/a><\/p>\n\n\n\n<p><\/p>\n\n\n\n<h5 class=\"wp-block-heading\"><a rel=\"noopener\" href=\"https:\/\/www.pucpr.br\/sem-categoria\/napucprtem-saiba-mais-sobre-internacionalizacao-na-universidade\/\" target=\"_blank\">#NAPUCPRTEM: SAIBA MAIS SOBRE INTERNACIONALIZA\u00c7\u00c3O NA UNIVERSIDADE<\/a><\/h5>\n","protected":false},"excerpt":{"rendered":"<p>A produ\u00e7\u00e3o cient\u00edfica de qualidade e relev\u00e2ncia \u00e9 um dos principais pilares de uma boa universidade, e na PUCPR n\u00e3o \u00e9 diferente. Aqui, existem diversas oportunidades para desenvolvimento de pesquisas nas mais variadas \u00e1reas do conhecimento e para os mais diversos n\u00edveis educacionais \u2013 come\u00e7ando pelo Ensino M\u00e9dio, por meio da Feira de Ci\u00eancias J\u00fanior [&hellip;]<\/p>\n","protected":false},"author":2,"featured_media":163,"comment_status":"open","ping_status":"open","sticky":false,"template":"","format":"standard","meta":[],"categories":[1],"tags":[],"yoast_head":"<!-- This site is optimized with the Yoast SEO plugin v18.4.1 - https:\/\/yoast.com\/wordpress\/plugins\/seo\/ -->\n<title>#NaPUCPRTem: saiba mais sobre a Pesquisa na Universidade - ENADE - PUCPR<\/title>\n<meta name=\"robots\" content=\"index, follow, max-snippet:-1, max-image-preview:large, max-video-preview:-1\" \/>\n<link rel=\"canonical\" href=\"https:\/\/sites.pucpr.br\/enade\/2021\/06\/28\/napucprtem-saiba-mais-sobre-a-pesquisa-na-universidade\/\" \/>\n<meta property=\"og:locale\" content=\"pt_BR\" \/>\n<meta property=\"og:type\" content=\"article\" \/>\n<meta property=\"og:title\" content=\"#NaPUCPRTem: saiba mais sobre a Pesquisa na Universidade - ENADE - PUCPR\" \/>\n<meta property=\"og:description\" content=\"A produ\u00e7\u00e3o cient\u00edfica de qualidade e relev\u00e2ncia \u00e9 um dos principais pilares de uma boa universidade, e na PUCPR n\u00e3o \u00e9 diferente. Aqui, existem diversas oportunidades para desenvolvimento de pesquisas nas mais variadas \u00e1reas do conhecimento e para os mais diversos n\u00edveis educacionais \u2013 come\u00e7ando pelo Ensino M\u00e9dio, por meio da Feira de Ci\u00eancias J\u00fanior [&hellip;]\" \/>\n<meta property=\"og:url\" content=\"https:\/\/sites.pucpr.br\/enade\/2021\/06\/28\/napucprtem-saiba-mais-sobre-a-pesquisa-na-universidade\/\" \/>\n<meta property=\"og:site_name\" content=\"ENADE - PUCPR\" \/>\n<meta property=\"article:published_time\" content=\"2021-06-28T15:17:59+00:00\" \/>\n<meta property=\"article:modified_time\" content=\"2021-06-28T15:49:19+00:00\" \/>\n<meta property=\"og:image\" content=\"https:\/\/sites.pucpr.br\/enade\/wp-content\/uploads\/sites\/20\/2021\/06\/quimica-119.jpg\" \/>\n\t<meta property=\"og:image:width\" content=\"1200\" \/>\n\t<meta property=\"og:image:height\" content=\"800\" \/>\n\t<meta property=\"og:image:type\" content=\"image\/jpeg\" \/>\n<meta name=\"twitter:card\" content=\"summary_large_image\" \/>\n<meta name=\"twitter:label1\" content=\"Escrito por\" \/>\n\t<meta name=\"twitter:data1\" content=\"manoelmaranhao\" \/>\n\t<meta name=\"twitter:label2\" content=\"Est. tempo de leitura\" \/>\n\t<meta name=\"twitter:data2\" content=\"2 minutos\" \/>\n<script type=\"application\/ld+json\" class=\"yoast-schema-graph\">{\"@context\":\"https:\/\/schema.org\",\"@graph\":[{\"@type\":\"WebSite\",\"@id\":\"https:\/\/sites.pucpr.br\/enade\/#website\",\"url\":\"https:\/\/sites.pucpr.br\/enade\/\",\"name\":\"ENADE - PUCPR\",\"description\":\"Informa\u00e7\u00f5es sobre o ENADE PUCPR\",\"potentialAction\":[{\"@type\":\"SearchAction\",\"target\":{\"@type\":\"EntryPoint\",\"urlTemplate\":\"https:\/\/sites.pucpr.br\/enade\/?s={search_term_string}\"},\"query-input\":\"required name=search_term_string\"}],\"inLanguage\":\"pt-BR\"},{\"@type\":\"ImageObject\",\"@id\":\"https:\/\/sites.pucpr.br\/enade\/2021\/06\/28\/napucprtem-saiba-mais-sobre-a-pesquisa-na-universidade\/#primaryimage\",\"inLanguage\":\"pt-BR\",\"url\":\"https:\/\/sites.pucpr.br\/enade\/wp-content\/uploads\/sites\/20\/2021\/06\/quimica-119.jpg\",\"contentUrl\":\"https:\/\/sites.pucpr.br\/enade\/wp-content\/uploads\/sites\/20\/2021\/06\/quimica-119.jpg\",\"width\":1200,\"height\":800},{\"@type\":\"WebPage\",\"@id\":\"https:\/\/sites.pucpr.br\/enade\/2021\/06\/28\/napucprtem-saiba-mais-sobre-a-pesquisa-na-universidade\/#webpage\",\"url\":\"https:\/\/sites.pucpr.br\/enade\/2021\/06\/28\/napucprtem-saiba-mais-sobre-a-pesquisa-na-universidade\/\",\"name\":\"#NaPUCPRTem: saiba mais sobre a Pesquisa na Universidade - ENADE - PUCPR\",\"isPartOf\":{\"@id\":\"https:\/\/sites.pucpr.br\/enade\/#website\"},\"primaryImageOfPage\":{\"@id\":\"https:\/\/sites.pucpr.br\/enade\/2021\/06\/28\/napucprtem-saiba-mais-sobre-a-pesquisa-na-universidade\/#primaryimage\"},\"datePublished\":\"2021-06-28T15:17:59+00:00\",\"dateModified\":\"2021-06-28T15:49:19+00:00\",\"author\":{\"@id\":\"https:\/\/sites.pucpr.br\/enade\/#\/schema\/person\/98e3667256965161b3ff1b8f54f3c48f\"},\"breadcrumb\":{\"@id\":\"https:\/\/sites.pucpr.br\/enade\/2021\/06\/28\/napucprtem-saiba-mais-sobre-a-pesquisa-na-universidade\/#breadcrumb\"},\"inLanguage\":\"pt-BR\",\"potentialAction\":[{\"@type\":\"ReadAction\",\"target\":[\"https:\/\/sites.pucpr.br\/enade\/2021\/06\/28\/napucprtem-saiba-mais-sobre-a-pesquisa-na-universidade\/\"]}]},{\"@type\":\"BreadcrumbList\",\"@id\":\"https:\/\/sites.pucpr.br\/enade\/2021\/06\/28\/napucprtem-saiba-mais-sobre-a-pesquisa-na-universidade\/#breadcrumb\",\"itemListElement\":[{\"@type\":\"ListItem\",\"position\":1,\"name\":\"In\u00edcio\",\"item\":\"https:\/\/sites.pucpr.br\/enade\/\"},{\"@type\":\"ListItem\",\"position\":2,\"name\":\"#NaPUCPRTem: saiba mais sobre a Pesquisa na Universidade\"}]},{\"@type\":\"Person\",\"@id\":\"https:\/\/sites.pucpr.br\/enade\/#\/schema\/person\/98e3667256965161b3ff1b8f54f3c48f\",\"name\":\"manoelmaranhao\",\"image\":{\"@type\":\"ImageObject\",\"@id\":\"https:\/\/sites.pucpr.br\/enade\/#personlogo\",\"inLanguage\":\"pt-BR\",\"url\":\"https:\/\/secure.gravatar.com\/avatar\/096a0b6c9de4af4053605003f5c22156?s=96&d=mm&r=g\",\"contentUrl\":\"https:\/\/secure.gravatar.com\/avatar\/096a0b6c9de4af4053605003f5c22156?s=96&d=mm&r=g\",\"caption\":\"manoelmaranhao\"},\"url\":\"https:\/\/sites.pucpr.br\/enade\/author\/manoelmaranhao\/\"}]}<\/script>\n<!-- \/ Yoast SEO plugin. -->","yoast_head_json":{"title":"#NaPUCPRTem: saiba mais sobre a Pesquisa na Universidade - ENADE - PUCPR","robots":{"index":"index","follow":"follow","max-snippet":"max-snippet:-1","max-image-preview":"max-image-preview:large","max-video-preview":"max-video-preview:-1"},"canonical":"https:\/\/sites.pucpr.br\/enade\/2021\/06\/28\/napucprtem-saiba-mais-sobre-a-pesquisa-na-universidade\/","og_locale":"pt_BR","og_type":"article","og_title":"#NaPUCPRTem: saiba mais sobre a Pesquisa na Universidade - ENADE - PUCPR","og_description":"A produ\u00e7\u00e3o cient\u00edfica de qualidade e relev\u00e2ncia \u00e9 um dos principais pilares de uma boa universidade, e na PUCPR n\u00e3o \u00e9 diferente. Aqui, existem diversas oportunidades para desenvolvimento de pesquisas nas mais variadas \u00e1reas do conhecimento e para os mais diversos n\u00edveis educacionais \u2013 come\u00e7ando pelo Ensino M\u00e9dio, por meio da Feira de Ci\u00eancias J\u00fanior [&hellip;]","og_url":"https:\/\/sites.pucpr.br\/enade\/2021\/06\/28\/napucprtem-saiba-mais-sobre-a-pesquisa-na-universidade\/","og_site_name":"ENADE - PUCPR","article_published_time":"2021-06-28T15:17:59+00:00","article_modified_time":"2021-06-28T15:49:19+00:00","og_image":[{"width":1200,"height":800,"url":"https:\/\/sites.pucpr.br\/enade\/wp-content\/uploads\/sites\/20\/2021\/06\/quimica-119.jpg","type":"image\/jpeg"}],"twitter_card":"summary_large_image","twitter_misc":{"Escrito por":"manoelmaranhao","Est. tempo de leitura":"2 minutos"},"schema":{"@context":"https:\/\/schema.org","@graph":[{"@type":"WebSite","@id":"https:\/\/sites.pucpr.br\/enade\/#website","url":"https:\/\/sites.pucpr.br\/enade\/","name":"ENADE - PUCPR","description":"Informa\u00e7\u00f5es sobre o ENADE PUCPR","potentialAction":[{"@type":"SearchAction","target":{"@type":"EntryPoint","urlTemplate":"https:\/\/sites.pucpr.br\/enade\/?s={search_term_string}"},"query-input":"required name=search_term_string"}],"inLanguage":"pt-BR"},{"@type":"ImageObject","@id":"https:\/\/sites.pucpr.br\/enade\/2021\/06\/28\/napucprtem-saiba-mais-sobre-a-pesquisa-na-universidade\/#primaryimage","inLanguage":"pt-BR","url":"https:\/\/sites.pucpr.br\/enade\/wp-content\/uploads\/sites\/20\/2021\/06\/quimica-119.jpg","contentUrl":"https:\/\/sites.pucpr.br\/enade\/wp-content\/uploads\/sites\/20\/2021\/06\/quimica-119.jpg","width":1200,"height":800},{"@type":"WebPage","@id":"https:\/\/sites.pucpr.br\/enade\/2021\/06\/28\/napucprtem-saiba-mais-sobre-a-pesquisa-na-universidade\/#webpage","url":"https:\/\/sites.pucpr.br\/enade\/2021\/06\/28\/napucprtem-saiba-mais-sobre-a-pesquisa-na-universidade\/","name":"#NaPUCPRTem: saiba mais sobre a Pesquisa na Universidade - ENADE - PUCPR","isPartOf":{"@id":"https:\/\/sites.pucpr.br\/enade\/#website"},"primaryImageOfPage":{"@id":"https:\/\/sites.pucpr.br\/enade\/2021\/06\/28\/napucprtem-saiba-mais-sobre-a-pesquisa-na-universidade\/#primaryimage"},"datePublished":"2021-06-28T15:17:59+00:00","dateModified":"2021-06-28T15:49:19+00:00","author":{"@id":"https:\/\/sites.pucpr.br\/enade\/#\/schema\/person\/98e3667256965161b3ff1b8f54f3c48f"},"breadcrumb":{"@id":"https:\/\/sites.pucpr.br\/enade\/2021\/06\/28\/napucprtem-saiba-mais-sobre-a-pesquisa-na-universidade\/#breadcrumb"},"inLanguage":"pt-BR","potentialAction":[{"@type":"ReadAction","target":["https:\/\/sites.pucpr.br\/enade\/2021\/06\/28\/napucprtem-saiba-mais-sobre-a-pesquisa-na-universidade\/"]}]},{"@type":"BreadcrumbList","@id":"https:\/\/sites.pucpr.br\/enade\/2021\/06\/28\/napucprtem-saiba-mais-sobre-a-pesquisa-na-universidade\/#breadcrumb","itemListElement":[{"@type":"ListItem","position":1,"name":"In\u00edcio","item":"https:\/\/sites.pucpr.br\/enade\/"},{"@type":"ListItem","position":2,"name":"#NaPUCPRTem: saiba mais sobre a Pesquisa na Universidade"}]},{"@type":"Person","@id":"https:\/\/sites.pucpr.br\/enade\/#\/schema\/person\/98e3667256965161b3ff1b8f54f3c48f","name":"manoelmaranhao","image":{"@type":"ImageObject","@id":"https:\/\/sites.pucpr.br\/enade\/#personlogo","inLanguage":"pt-BR","url":"https:\/\/secure.gravatar.com\/avatar\/096a0b6c9de4af4053605003f5c22156?s=96&d=mm&r=g","contentUrl":"https:\/\/secure.gravatar.com\/avatar\/096a0b6c9de4af4053605003f5c22156?s=96&d=mm&r=g","caption":"manoelmaranhao"},"url":"https:\/\/sites.pucpr.br\/enade\/author\/manoelmaranhao\/"}]}},"aioseo_notices":[],"_links":{"self":[{"href":"https:\/\/sites.pucpr.br\/enade\/wp-json\/wp\/v2\/posts\/153"}],"collection":[{"href":"https:\/\/sites.pucpr.br\/enade\/wp-json\/wp\/v2\/posts"}],"about":[{"href":"https:\/\/sites.pucpr.br\/enade\/wp-json\/wp\/v2\/types\/post"}],"author":[{"embeddable":true,"href":"https:\/\/sites.pucpr.br\/enade\/wp-json\/wp\/v2\/users\/2"}],"replies":[{"embeddable":true,"href":"https:\/\/sites.pucpr.br\/enade\/wp-json\/wp\/v2\/comments?post=153"}],"version-history":[{"count":4,"href":"https:\/\/sites.pucpr.br\/enade\/wp-json\/wp\/v2\/posts\/153\/revisions"}],"predecessor-version":[{"id":168,"href":"https:\/\/sites.pucpr.br\/enade\/wp-json\/wp\/v2\/posts\/153\/revisions\/168"}],"wp:featuredmedia":[{"embeddable":true,"href":"https:\/\/sites.pucpr.br\/enade\/wp-json\/wp\/v2\/media\/163"}],"wp:attachment":[{"href":"https:\/\/sites.pucpr.br\/enade\/wp-json\/wp\/v2\/media?parent=153"}],"wp:term":[{"taxonomy":"category","embeddable":true,"href":"https:\/\/sites.pucpr.br\/enade\/wp-json\/wp\/v2\/categories?post=153"},{"taxonomy":"post_tag","embeddable":true,"href":"https:\/\/sites.pucpr.br\/enade\/wp-json\/wp\/v2\/tags?post=153"}],"curies":[{"name":"wp","href":"https:\/\/api.w.org\/{rel}","templated":true}]}}